{"id":203315,"date":"2020-02-22T22:16:37","date_gmt":"2020-02-22T20:16:37","guid":{"rendered":"http:\/\/www.sana.sy\/tr\/?p=203315"},"modified":"2020-02-23T15:54:08","modified_gmt":"2020-02-23T13:54:08","slug":"saglik-bakanligi-suriyede-hicbir-koronavirus-bulasimi-yoktur","status":"publish","type":"post","link":"https:\/\/archive.sana.sy\/tr\/?p=203315","title":{"rendered":"Sa\u011fl\u0131k Bakanl\u0131\u011f\u0131, Suriye\u2019de Hi\u00e7bir Koronavir\u00fcs Bula\u015f\u0131m\u0131 Yoktur"},"content":{"rendered":"<p>\u015eAM \u2013 Sa\u011fl\u0131k Bakanl\u0131\u011f\u0131, Suriye\u2019de hi\u00e7bir koronavir\u00fcs bula\u015f\u0131m durumu kaydedilmedi\u011fini vurgulad\u0131.<\/p>\n<p>Bakanl\u0131\u011f\u0131n bas\u0131n ofisi, kimi sosyal ileti\u015fim ara\u00e7lar\u0131n\u0131n teddav\u00fcl \u00a0etti\u011fi s\u00f6ylentilere cevap vererek bir beyan \u00e7\u0131kard\u0131.<\/p>\n<p>Beyanda, Sa\u011fl\u0131k Bakanl\u0131\u011f\u0131\u2019n\u0131n d\u00fcnyaca yay\u0131lan s\u00f6zkonusu veba ile ilgili yeni haberler olunca Suriye Arap Haber Ajans\u0131 SANA arac\u0131l\u0131\u011f\u0131yla duyuraca\u011f\u0131n\u0131 belirterek, tarihine kadar s\u00f6zkonusu vir\u00fcse Suriye\u2019de hi\u00e7bir bula\u015f\u0131m\u0131n olmad\u0131\u011f\u0131n\u0131 ifade etti.<\/p>\n<p>Beyan, bakanl\u0131\u011fa ait ihtisas sahibi ekiblerinin saat boyunca ara\u015ft\u0131r\u0131p g\u00f6zetlemek halinde oldu\u011funa i\u015faret etti.<\/p>\n<p>Kumeyt Yusuf<\/p>\n","protected":false},"excerpt":{"rendered":"<p>\u015eAM \u2013 Sa\u011fl\u0131k Bakanl\u0131\u011f\u0131, Suriye\u2019de hi\u00e7bir koronavir\u00fcs bula\u015f\u0131m durumu kaydedilmedi\u011fini vurgulad\u0131. Bakanl\u0131\u011f\u0131n bas\u0131n ofisi, kimi sosyal ileti\u015fim ara\u00e7lar\u0131n\u0131n teddav\u00fcl \u00a0etti\u011fi s\u00f6ylentilere cevap vererek bir beyan \u00e7\u0131kard\u0131. Beyanda, Sa\u011fl\u0131k Bakanl\u0131\u011f\u0131\u2019n\u0131n d\u00fcnyaca yay\u0131lan s\u00f6zkonusu veba ile ilgili yeni haberler olunca Suriye Arap Haber Ajans\u0131 SANA arac\u0131l\u0131\u011f\u0131yla duyuraca\u011f\u0131n\u0131 belirterek, tarihine kadar s\u00f6zkonusu vir\u00fcse Suriye\u2019de hi\u00e7bir bula\u015f\u0131m\u0131n olmad\u0131\u011f\u0131n\u0131 ifade &hellip;<\/p>\n","protected":false},"author":1,"featured_media":203316,"comment_status":"closed","ping_status":"closed","sticky":false,"template":"","format":"standard","meta":{"footnotes":""},"categories":[526,541,479,17988,525,538,478],"tags":[],"class_list":["post-203315","post","type-post","status-publish","format-standard","has-post-thumbnail","","category-haber-ve-raporlar","category-haberler","category-haberler-yerel","category-son-haberler","category-toplum","category-yasam","category-yerel"],"_links":{"self":[{"href":"https:\/\/archive.sana.sy\/tr\/index.php?rest_route=\/wp\/v2\/posts\/203315","targetHints":{"allow":["GET"]}}],"collection":[{"href":"https:\/\/archive.sana.sy\/tr\/index.php?rest_route=\/wp\/v2\/posts"}],"about":[{"href":"https:\/\/archive.sana.sy\/tr\/index.php?rest_route=\/wp\/v2\/types\/post"}],"author":[{"embeddable":true,"href":"https:\/\/archive.sana.sy\/tr\/index.php?rest_route=\/wp\/v2\/users\/1"}],"replies":[{"embeddable":true,"href":"https:\/\/archive.sana.sy\/tr\/index.php?rest_route=%2Fwp%2Fv2%2Fcomments&post=203315"}],"version-history":[{"count":0,"href":"https:\/\/archive.sana.sy\/tr\/index.php?rest_route=\/wp\/v2\/posts\/203315\/revisions"}],"wp:featuredmedia":[{"embeddable":true,"href":"https:\/\/archive.sana.sy\/tr\/index.php?rest_route=\/wp\/v2\/media\/203316"}],"wp:attachment":[{"href":"https:\/\/archive.sana.sy\/tr\/index.php?rest_route=%2Fwp%2Fv2%2Fmedia&parent=203315"}],"wp:term":[{"taxonomy":"category","embeddable":true,"href":"https:\/\/archive.sana.sy\/tr\/index.php?rest_route=%2Fwp%2Fv2%2Fcategories&post=203315"},{"taxonomy":"post_tag","embeddable":true,"href":"https:\/\/archive.sana.sy\/tr\/index.php?rest_route=%2Fwp%2Fv2%2Ftags&post=203315"}],"curies":[{"name":"wp","href":"https:\/\/api.w.org\/{rel}","templated":true}]}}