{"id":203462,"date":"2020-02-24T22:01:05","date_gmt":"2020-02-24T20:01:05","guid":{"rendered":"http:\/\/www.sana.sy\/tr\/?p=203462"},"modified":"2020-02-25T14:50:01","modified_gmt":"2020-02-25T12:50:01","slug":"el-ceys-asya-federasyon-kupasi-sampiyonasinda-filistinli-hilal-el-kudsu-maglup-etti","status":"publish","type":"post","link":"https:\/\/archive.sana.sy\/tr\/?p=203462","title":{"rendered":"El Cey\u015f, Asya Federasyon Kupas\u0131 \u015eampiyonas\u0131nda Filistinli Hilal El Kuds\u2019u Ma\u011flup Etti"},"content":{"rendered":"<p>AMMAN \u2013 Asya Federasyon Kupas\u0131 \u015eampiyonas\u0131nda gruplar turas\u0131nda El Cey\u015f Tak\u0131m\u0131, \u00dcrd\u00fcn ba\u015fkenti Amman\u2019da Filistinli Hilal El Kuds ile bir araya geldi\u011fi ma\u00e7ta rakibini 1 \u2013 0 yendi.<\/p>\n<p>Golu, dakika 37\u2019de Mohamad El Vaked atarken tak\u0131m\u0131n stoku 4 nokta olurken L\u00fcbnanl\u0131 El Ahd\u2019\u0131<\/p>\n<p>1 \u2013 0 ma\u011flup eden Bahreynli El Mename tak\u0131m\u0131 ile e\u015fit ge\u00e7ti.<\/p>\n<p>&nbsp;<\/p>\n","protected":false},"excerpt":{"rendered":"<p>AMMAN \u2013 Asya Federasyon Kupas\u0131 \u015eampiyonas\u0131nda gruplar turas\u0131nda El Cey\u015f Tak\u0131m\u0131, \u00dcrd\u00fcn ba\u015fkenti Amman\u2019da Filistinli Hilal El Kuds ile bir araya geldi\u011fi ma\u00e7ta rakibini 1 \u2013 0 yendi. Golu, dakika 37\u2019de Mohamad El Vaked atarken tak\u0131m\u0131n stoku 4 nokta olurken L\u00fcbnanl\u0131 El Ahd\u2019\u0131 1 \u2013 0 ma\u011flup eden Bahreynli El Mename tak\u0131m\u0131 ile e\u015fit ge\u00e7ti. &hellip;<\/p>\n","protected":false},"author":1,"featured_media":203463,"comment_status":"closed","ping_status":"closed","sticky":false,"template":"","format":"standard","meta":{"footnotes":""},"categories":[498,17988,496],"tags":[],"class_list":["post-203462","post","type-post","status-publish","format-standard","has-post-thumbnail","","category-dunya-turnuvalari","category-son-haberler","category-spor"],"_links":{"self":[{"href":"https:\/\/archive.sana.sy\/tr\/index.php?rest_route=\/wp\/v2\/posts\/203462","targetHints":{"allow":["GET"]}}],"collection":[{"href":"https:\/\/archive.sana.sy\/tr\/index.php?rest_route=\/wp\/v2\/posts"}],"about":[{"href":"https:\/\/archive.sana.sy\/tr\/index.php?rest_route=\/wp\/v2\/types\/post"}],"author":[{"embeddable":true,"href":"https:\/\/archive.sana.sy\/tr\/index.php?rest_route=\/wp\/v2\/users\/1"}],"replies":[{"embeddable":true,"href":"https:\/\/archive.sana.sy\/tr\/index.php?rest_route=%2Fwp%2Fv2%2Fcomments&post=203462"}],"version-history":[{"count":0,"href":"https:\/\/archive.sana.sy\/tr\/index.php?rest_route=\/wp\/v2\/posts\/203462\/revisions"}],"wp:featuredmedia":[{"embeddable":true,"href":"https:\/\/archive.sana.sy\/tr\/index.php?rest_route=\/wp\/v2\/media\/203463"}],"wp:attachment":[{"href":"https:\/\/archive.sana.sy\/tr\/index.php?rest_route=%2Fwp%2Fv2%2Fmedia&parent=203462"}],"wp:term":[{"taxonomy":"category","embeddable":true,"href":"https:\/\/archive.sana.sy\/tr\/index.php?rest_route=%2Fwp%2Fv2%2Fcategories&post=203462"},{"taxonomy":"post_tag","embeddable":true,"href":"https:\/\/archive.sana.sy\/tr\/index.php?rest_route=%2Fwp%2Fv2%2Ftags&post=203462"}],"curies":[{"name":"wp","href":"https:\/\/api.w.org\/{rel}","templated":true}]}}