{"id":203465,"date":"2020-02-24T22:15:24","date_gmt":"2020-02-24T20:15:24","guid":{"rendered":"http:\/\/www.sana.sy\/tr\/?p=203465"},"modified":"2020-02-25T14:50:06","modified_gmt":"2020-02-25T12:50:06","slug":"tamiri-tamamladiktan-sonra-halep-sam-demir-yolu-onumuzdeki-mayista-hizmette-olacak","status":"publish","type":"post","link":"https:\/\/archive.sana.sy\/tr\/?p=203465","title":{"rendered":"Tamiri Tamamlad\u0131ktan Sonra Halep \u2013 \u015eam Demir Yolu \u00d6n\u00fcm\u00fczdeki May\u0131sta Hizmette Olacak"},"content":{"rendered":"<p>\u015eAM \u2013 demir yollar\u0131 onar\u0131m ekipleri Homs ve Hama \u00fczerinden ge\u00e7en \u015eam \u2013 Halep demir yolunu ard\u0131 ard\u0131na h\u0131zlam\u0131\u015f ad\u0131mlarla onar\u0131m \u00e7al\u0131\u015fmalar\u0131na ba\u015flad\u0131.<\/p>\n<p>Suriye Demir Yollar\u0131 Genel M\u00fcd\u00fcrl\u00fc\u011f\u00fc\u2019n\u00fcn M\u00fcd\u00fcr\u00fc M\u00fchendis Nejib El Fares, ter\u00f6r eylemleri y\u00fcz\u00fcnden hizmet d\u0131\u015f\u0131 <img loading=\"lazy\" decoding=\"async\" class=\"size-full wp-image-203467 alignright\" src=\"http:\/\/www.sana.sy\/tr\/wp-content\/uploads\/2020\/02\/5-182-300x169-1.jpg\" alt=\"\" width=\"300\" height=\"169\" srcset=\"https:\/\/archive.sana.sy\/tr\/wp-content\/uploads\/2020\/02\/5-182-300x169-1.jpg 300w, https:\/\/archive.sana.sy\/tr\/wp-content\/uploads\/2020\/02\/5-182-300x169-1-150x85.jpg 150w\" sizes=\"auto, (max-width: 300px) 100vw, 300px\" \/>kalan \u015eam \u2013 Halep demir yolunun tamir \u00e7al\u0131\u015fmalar\u0131n\u0131n \u00f6n\u00fcm\u00fczdeki may\u0131s ay\u0131nda bitip ray\u0131n hizmete ge\u00e7ecek dedi.<\/p>\n<p>SANA\u2019ya a\u00e7\u0131klama veren El Fares, ray\u0131n boyu 400 km oldu\u011funu, yolcular\u0131 ve e\u015fyalar\u0131 ta\u015f\u0131makta \u00e7ok b\u00fcy\u00fck ekonomik \u00f6nem ta\u015f\u0131d\u0131\u011f\u0131n\u0131 a\u00e7\u0131klad\u0131.<\/p>\n<p>El Faris, demir yollar\u0131 arac\u0131l\u0131\u011f\u0131yla elektrik istasyonlar\u0131na fuel de ta\u015f\u0131mak i\u00e7in raylar\u0131n yeniden ba\u011flanaca\u011f\u0131n\u0131 ifade etti.<\/p>\n<p>Kumeyt Yusuf<\/p>\n","protected":false},"excerpt":{"rendered":"<p>\u015eAM \u2013 demir yollar\u0131 onar\u0131m ekipleri Homs ve Hama \u00fczerinden ge\u00e7en \u015eam \u2013 Halep demir yolunu ard\u0131 ard\u0131na h\u0131zlam\u0131\u015f ad\u0131mlarla onar\u0131m \u00e7al\u0131\u015fmalar\u0131na ba\u015flad\u0131. Suriye Demir Yollar\u0131 Genel M\u00fcd\u00fcrl\u00fc\u011f\u00fc\u2019n\u00fcn M\u00fcd\u00fcr\u00fc M\u00fchendis Nejib El Fares, ter\u00f6r eylemleri y\u00fcz\u00fcnden hizmet d\u0131\u015f\u0131 kalan \u015eam \u2013 Halep demir yolunun tamir \u00e7al\u0131\u015fmalar\u0131n\u0131n \u00f6n\u00fcm\u00fczdeki may\u0131s ay\u0131nda bitip ray\u0131n hizmete ge\u00e7ecek dedi. SANA\u2019ya &hellip;<\/p>\n","protected":false},"author":1,"featured_media":203466,"comment_status":"closed","ping_status":"closed","sticky":false,"template":"","format":"standard","meta":{"footnotes":""},"categories":[479,17988,478],"tags":[],"class_list":["post-203465","post","type-post","status-publish","format-standard","has-post-thumbnail","","category-haberler-yerel","category-son-haberler","category-yerel"],"_links":{"self":[{"href":"https:\/\/archive.sana.sy\/tr\/index.php?rest_route=\/wp\/v2\/posts\/203465","targetHints":{"allow":["GET"]}}],"collection":[{"href":"https:\/\/archive.sana.sy\/tr\/index.php?rest_route=\/wp\/v2\/posts"}],"about":[{"href":"https:\/\/archive.sana.sy\/tr\/index.php?rest_route=\/wp\/v2\/types\/post"}],"author":[{"embeddable":true,"href":"https:\/\/archive.sana.sy\/tr\/index.php?rest_route=\/wp\/v2\/users\/1"}],"replies":[{"embeddable":true,"href":"https:\/\/archive.sana.sy\/tr\/index.php?rest_route=%2Fwp%2Fv2%2Fcomments&post=203465"}],"version-history":[{"count":0,"href":"https:\/\/archive.sana.sy\/tr\/index.php?rest_route=\/wp\/v2\/posts\/203465\/revisions"}],"wp:featuredmedia":[{"embeddable":true,"href":"https:\/\/archive.sana.sy\/tr\/index.php?rest_route=\/wp\/v2\/media\/203466"}],"wp:attachment":[{"href":"https:\/\/archive.sana.sy\/tr\/index.php?rest_route=%2Fwp%2Fv2%2Fmedia&parent=203465"}],"wp:term":[{"taxonomy":"category","embeddable":true,"href":"https:\/\/archive.sana.sy\/tr\/index.php?rest_route=%2Fwp%2Fv2%2Fcategories&post=203465"},{"taxonomy":"post_tag","embeddable":true,"href":"https:\/\/archive.sana.sy\/tr\/index.php?rest_route=%2Fwp%2Fv2%2Ftags&post=203465"}],"curies":[{"name":"wp","href":"https:\/\/api.w.org\/{rel}","templated":true}]}}