{"id":203552,"date":"2020-02-25T19:13:09","date_gmt":"2020-02-25T17:13:09","guid":{"rendered":"http:\/\/www.sana.sy\/tr\/?p=203552"},"modified":"2020-02-26T13:08:42","modified_gmt":"2020-02-26T11:08:42","slug":"ekonomi-bakanligi-burun-ve-agiz-maskelerinin-ihracatini-yasakliyor","status":"publish","type":"post","link":"https:\/\/archive.sana.sy\/tr\/?p=203552","title":{"rendered":"Ekonomi Bakanl\u0131\u011f\u0131, Burun ve A\u011f\u0131z Maskelerinin \u0130hracat\u0131n\u0131 Yasakl\u0131yor"},"content":{"rendered":"<p>\u015eAM \u2013 Ekonomi ve D\u0131\u015f Ticaret Bakanl\u0131\u011f\u0131, her t\u00fcrl\u00fc steril ve steril olmayan burun ve a\u011f\u0131z maskelerinin b\u00fct\u00fcn g\u00fcmr\u00fck bentleri ile ihracat\u0131n\u0131 yasaklayan bir karar \u00e7\u0131kard\u0131.<\/p>\n<p>SANA mensubuna bir a\u00e7\u0131klama yapan bakanl\u0131\u011f\u0131n D\u0131\u015f Ticaret M\u00fcd\u00fcr\u00fc Saer Fayyad, ihracat\u0131 yasaklama karar\u0131n\u0131n yerel pazar\u0131 maskelerden bo\u015faltmas\u0131n\u0131n \u00f6n\u00fcn\u00fc kesmek ama\u00e7l\u0131 oldu\u011funu belirtti. Fayyad, \u2018\u2019Suriye\u2019de hi\u00e7bir koronavir\u00fcs enfeksiyonu kaydedilmemesinin maskelere ihtiya\u00e7 olmad\u0131\u011f\u0131 manas\u0131na gelmez\u2019\u2019 diye a\u00e7\u0131klad\u0131.<\/p>\n<p>fayyad, karar\u0131n kom\u015fu \u00fclkelerden ve d\u0131\u015f pazardan maske isteklerinin artmas\u0131 ile yerel pazarda fiyat\u0131n\u0131n y\u00fckselmesi ard\u0131ndan \u00e7\u0131kt\u0131\u011f\u0131na i\u015faret etti.<\/p>\n<p>Kumeyt Yusuf<\/p>\n","protected":false},"excerpt":{"rendered":"<p>\u015eAM \u2013 Ekonomi ve D\u0131\u015f Ticaret Bakanl\u0131\u011f\u0131, her t\u00fcrl\u00fc steril ve steril olmayan burun ve a\u011f\u0131z maskelerinin b\u00fct\u00fcn g\u00fcmr\u00fck bentleri ile ihracat\u0131n\u0131 yasaklayan bir karar \u00e7\u0131kard\u0131. SANA mensubuna bir a\u00e7\u0131klama yapan bakanl\u0131\u011f\u0131n D\u0131\u015f Ticaret M\u00fcd\u00fcr\u00fc Saer Fayyad, ihracat\u0131 yasaklama karar\u0131n\u0131n yerel pazar\u0131 maskelerden bo\u015faltmas\u0131n\u0131n \u00f6n\u00fcn\u00fc kesmek ama\u00e7l\u0131 oldu\u011funu belirtti. Fayyad, \u2018\u2019Suriye\u2019de hi\u00e7bir koronavir\u00fcs enfeksiyonu kaydedilmemesinin &hellip;<\/p>\n","protected":false},"author":1,"featured_media":203553,"comment_status":"closed","ping_status":"closed","sticky":false,"template":"","format":"standard","meta":{"footnotes":""},"categories":[526,541,479,17988,525,538,478],"tags":[],"class_list":["post-203552","post","type-post","status-publish","format-standard","has-post-thumbnail","","category-haber-ve-raporlar","category-haberler","category-haberler-yerel","category-son-haberler","category-toplum","category-yasam","category-yerel"],"_links":{"self":[{"href":"https:\/\/archive.sana.sy\/tr\/index.php?rest_route=\/wp\/v2\/posts\/203552","targetHints":{"allow":["GET"]}}],"collection":[{"href":"https:\/\/archive.sana.sy\/tr\/index.php?rest_route=\/wp\/v2\/posts"}],"about":[{"href":"https:\/\/archive.sana.sy\/tr\/index.php?rest_route=\/wp\/v2\/types\/post"}],"author":[{"embeddable":true,"href":"https:\/\/archive.sana.sy\/tr\/index.php?rest_route=\/wp\/v2\/users\/1"}],"replies":[{"embeddable":true,"href":"https:\/\/archive.sana.sy\/tr\/index.php?rest_route=%2Fwp%2Fv2%2Fcomments&post=203552"}],"version-history":[{"count":0,"href":"https:\/\/archive.sana.sy\/tr\/index.php?rest_route=\/wp\/v2\/posts\/203552\/revisions"}],"wp:featuredmedia":[{"embeddable":true,"href":"https:\/\/archive.sana.sy\/tr\/index.php?rest_route=\/wp\/v2\/media\/203553"}],"wp:attachment":[{"href":"https:\/\/archive.sana.sy\/tr\/index.php?rest_route=%2Fwp%2Fv2%2Fmedia&parent=203552"}],"wp:term":[{"taxonomy":"category","embeddable":true,"href":"https:\/\/archive.sana.sy\/tr\/index.php?rest_route=%2Fwp%2Fv2%2Fcategories&post=203552"},{"taxonomy":"post_tag","embeddable":true,"href":"https:\/\/archive.sana.sy\/tr\/index.php?rest_route=%2Fwp%2Fv2%2Ftags&post=203552"}],"curies":[{"name":"wp","href":"https:\/\/api.w.org\/{rel}","templated":true}]}}