{"id":203597,"date":"2020-02-26T14:05:39","date_gmt":"2020-02-26T12:05:39","guid":{"rendered":"http:\/\/www.sana.sy\/tr\/?p=203597"},"modified":"2020-02-26T14:05:39","modified_gmt":"2020-02-26T12:05:39","slug":"sana-muhabiri-haseke-kirsalina-tabi-ebu-rasin-beldesinin-civarinda-terorden-kalma-mayin-patlamasi-sonucunda-bolgede-elektrik-hattlarinin-onarim-calismalari-yapan-elektrik-ekiplerinden-3-elemanin-yara","status":"publish","type":"post","link":"https:\/\/archive.sana.sy\/tr\/?p=203597","title":{"rendered":"SANA muhabiri; Haseke k\u0131rsal\u0131na tabi Ebu Rasin Beldesinin civar\u0131nda ter\u00f6rden kalma may\u0131n patlamas\u0131 sonucunda b\u00f6lgede elektrik hattlar\u0131n\u0131n onar\u0131m \u00e7al\u0131\u015fmalar\u0131 yapan elektrik ekiplerinden 3 eleman\u0131n yaral\u0131 d\u00fc\u015ft\u00fcklerini ve hastaneye kald\u0131r\u0131ld\u0131klar\u0131n\u0131 belirtti"},"content":{"rendered":"<p>SANA muhabiri; Haseke k\u0131rsal\u0131na tabi Ebu Rasin Beldesinin civar\u0131nda ter\u00f6rden kalma may\u0131n patlamas\u0131 sonucunda b\u00f6lgede elektrik hattlar\u0131n\u0131n onar\u0131m \u00e7al\u0131\u015fmalar\u0131 yapan elektrik ekiplerinden 3 eleman\u0131n yaral\u0131 d\u00fc\u015ft\u00fcklerini ve hastaneye kald\u0131r\u0131ld\u0131klar\u0131n\u0131 belirtti<\/p>\n","protected":false},"excerpt":{"rendered":"<p>SANA muhabiri; Haseke k\u0131rsal\u0131na tabi Ebu Rasin Beldesinin civar\u0131nda ter\u00f6rden kalma may\u0131n patlamas\u0131 sonucunda b\u00f6lgede elektrik hattlar\u0131n\u0131n onar\u0131m \u00e7al\u0131\u015fmalar\u0131 yapan elektrik ekiplerinden 3 eleman\u0131n yaral\u0131 d\u00fc\u015ft\u00fcklerini ve hastaneye kald\u0131r\u0131ld\u0131klar\u0131n\u0131 belirtti<\/p>\n","protected":false},"author":1,"featured_media":0,"comment_status":"closed","ping_status":"closed","sticky":false,"template":"","format":"standard","meta":{"footnotes":""},"categories":[17991],"tags":[],"class_list":["post-203597","post","type-post","status-publish","format-standard","","category-son-dakika"],"_links":{"self":[{"href":"https:\/\/archive.sana.sy\/tr\/index.php?rest_route=\/wp\/v2\/posts\/203597","targetHints":{"allow":["GET"]}}],"collection":[{"href":"https:\/\/archive.sana.sy\/tr\/index.php?rest_route=\/wp\/v2\/posts"}],"about":[{"href":"https:\/\/archive.sana.sy\/tr\/index.php?rest_route=\/wp\/v2\/types\/post"}],"author":[{"embeddable":true,"href":"https:\/\/archive.sana.sy\/tr\/index.php?rest_route=\/wp\/v2\/users\/1"}],"replies":[{"embeddable":true,"href":"https:\/\/archive.sana.sy\/tr\/index.php?rest_route=%2Fwp%2Fv2%2Fcomments&post=203597"}],"version-history":[{"count":0,"href":"https:\/\/archive.sana.sy\/tr\/index.php?rest_route=\/wp\/v2\/posts\/203597\/revisions"}],"wp:attachment":[{"href":"https:\/\/archive.sana.sy\/tr\/index.php?rest_route=%2Fwp%2Fv2%2Fmedia&parent=203597"}],"wp:term":[{"taxonomy":"category","embeddable":true,"href":"https:\/\/archive.sana.sy\/tr\/index.php?rest_route=%2Fwp%2Fv2%2Fcategories&post=203597"},{"taxonomy":"post_tag","embeddable":true,"href":"https:\/\/archive.sana.sy\/tr\/index.php?rest_route=%2Fwp%2Fv2%2Ftags&post=203597"}],"curies":[{"name":"wp","href":"https:\/\/api.w.org\/{rel}","templated":true}]}}