{"id":203670,"date":"2020-02-27T13:53:21","date_gmt":"2020-02-27T11:53:21","guid":{"rendered":"http:\/\/www.sana.sy\/tr\/?p=203670"},"modified":"2020-02-27T13:53:21","modified_gmt":"2020-02-27T11:53:21","slug":"sana-muhabiri-ordu-birlikleri-idlib-kirsalinin-guneyindeki-stratejik-sehsebbo-dagina-hakimiyet-saglayip-kfar-uveyd-ekseninden-gelen-diger-askeri-birliklerle-bulustu","status":"publish","type":"post","link":"https:\/\/archive.sana.sy\/tr\/?p=203670","title":{"rendered":"SANA muhabiri; ordu birlikleri \u0130dlib k\u0131rsal\u0131n\u0131n g\u00fcneyindeki stratejik \u015eeh\u015febbo Da\u011f\u0131\u2019na hakimiyet sa\u011flay\u0131p Kfar Uveyd ekseninden gelen di\u011fer askeri birliklerle bulu\u015ftu"},"content":{"rendered":"<p>SANA muhabiri; ordu birlikleri \u0130dlib k\u0131rsal\u0131n\u0131n g\u00fcneyindeki stratejik \u015eeh\u015febbo Da\u011f\u0131\u2019na hakimiyet sa\u011flay\u0131p Kfar Uveyd ekseninden gelen di\u011fer askeri birliklerle bulu\u015ftu<\/p>\n","protected":false},"excerpt":{"rendered":"<p>SANA muhabiri; ordu birlikleri \u0130dlib k\u0131rsal\u0131n\u0131n g\u00fcneyindeki stratejik \u015eeh\u015febbo Da\u011f\u0131\u2019na hakimiyet sa\u011flay\u0131p Kfar Uveyd ekseninden gelen di\u011fer askeri birliklerle bulu\u015ftu<\/p>\n","protected":false},"author":1,"featured_media":0,"comment_status":"closed","ping_status":"closed","sticky":false,"template":"","format":"standard","meta":{"footnotes":""},"categories":[17991],"tags":[],"class_list":["post-203670","post","type-post","status-publish","format-standard","","category-son-dakika"],"_links":{"self":[{"href":"https:\/\/archive.sana.sy\/tr\/index.php?rest_route=\/wp\/v2\/posts\/203670","targetHints":{"allow":["GET"]}}],"collection":[{"href":"https:\/\/archive.sana.sy\/tr\/index.php?rest_route=\/wp\/v2\/posts"}],"about":[{"href":"https:\/\/archive.sana.sy\/tr\/index.php?rest_route=\/wp\/v2\/types\/post"}],"author":[{"embeddable":true,"href":"https:\/\/archive.sana.sy\/tr\/index.php?rest_route=\/wp\/v2\/users\/1"}],"replies":[{"embeddable":true,"href":"https:\/\/archive.sana.sy\/tr\/index.php?rest_route=%2Fwp%2Fv2%2Fcomments&post=203670"}],"version-history":[{"count":0,"href":"https:\/\/archive.sana.sy\/tr\/index.php?rest_route=\/wp\/v2\/posts\/203670\/revisions"}],"wp:attachment":[{"href":"https:\/\/archive.sana.sy\/tr\/index.php?rest_route=%2Fwp%2Fv2%2Fmedia&parent=203670"}],"wp:term":[{"taxonomy":"category","embeddable":true,"href":"https:\/\/archive.sana.sy\/tr\/index.php?rest_route=%2Fwp%2Fv2%2Fcategories&post=203670"},{"taxonomy":"post_tag","embeddable":true,"href":"https:\/\/archive.sana.sy\/tr\/index.php?rest_route=%2Fwp%2Fv2%2Ftags&post=203670"}],"curies":[{"name":"wp","href":"https:\/\/api.w.org\/{rel}","templated":true}]}}