{"id":203673,"date":"2020-02-27T14:01:01","date_gmt":"2020-02-27T12:01:01","guid":{"rendered":"http:\/\/www.sana.sy\/tr\/?p=203673"},"modified":"2020-02-28T14:47:21","modified_gmt":"2020-02-28T12:47:21","slug":"guney-bolgesinde-radikal-terorden-kalma-cephane-ele-gecirildi","status":"publish","type":"post","link":"https:\/\/archive.sana.sy\/tr\/?p=203673","title":{"rendered":"G\u00fcney B\u00f6lgesinde Radikal Ter\u00f6rden Kalma Cephane Ele Ge\u00e7irildi (V\u0130DEO)"},"content":{"rendered":"<p>\u015eAM \u2013 G\u00fcvenlik birimleri G\u00fcney B\u00f6lgesinde g\u00fcvenlik sa\u011flamay\u0131 ama\u00e7layan arama tarama operasyonlar\u0131 \u00e7er\u00e7evesinde aralar\u0131nda T\u00fcrk men\u015feli cephanenin bulundu\u011fu ter\u00f6rden kalma silah deposunu ele ge\u00e7irdi.<\/p>\n<p>SANA muhabiri; g\u00fcvenlik birimlerinin G\u00fcney B\u00f6lgesinde s\u00fcrd\u00fcrd\u00fckleri arama tarama operasyonlar\u0131 \u00e7er\u00e7evesinde radikal ter\u00f6r gruplar\u0131ndan kalma b\u00fcy\u00fck miktarda silah ve farkl\u0131 t\u00fcr cephanenin bulundu\u011fu depoyu ele ge\u00e7irdiklerini belirtti.<\/p>\n<p>Muhabir; ele ge\u00e7irilen depoda hafif ve orta silah ve m\u00fchimmat\u0131n yan\u0131 s\u0131ra 60,80 ve 120 mm havan mermeleri, 100 mm top\u00e7u mermeleri, \u0130HA&#8217;lar, tanksavar mermelerinin bulundu\u011funa i\u015faret ederken depoda b\u00fcy\u00fck miktarda esrar maddesinin bulundu\u011funu da ekledi.<\/p>\n<p>\u00c7eviri: P.M.<\/p>\n<p style=\"text-align: center;\"><iframe loading=\"lazy\" src=\"https:\/\/www.youtube.com\/embed\/ISJ_vE8myyg\" width=\"620\" height=\"348\" frameborder=\"0\" allowfullscreen=\"allowfullscreen\"><\/iframe><\/p>\n<div id='gallery-1' class='gallery galleryid-203673 gallery-columns-1 gallery-size-full'><figure class='gallery-item'>\n\t\t\t<div class='gallery-icon landscape'>\n\t\t\t\t<a href='https:\/\/archive.sana.sy\/tr\/wp-content\/uploads\/2020\/02\/2-319.jpg'><img loading=\"lazy\" decoding=\"async\" width=\"660\" height=\"427\" src=\"https:\/\/archive.sana.sy\/tr\/wp-content\/uploads\/2020\/02\/2-319.jpg\" class=\"attachment-full size-full\" alt=\"\" srcset=\"https:\/\/archive.sana.sy\/tr\/wp-content\/uploads\/2020\/02\/2-319.jpg 660w, https:\/\/archive.sana.sy\/tr\/wp-content\/uploads\/2020\/02\/2-319-300x194.jpg 300w, https:\/\/archive.sana.sy\/tr\/wp-content\/uploads\/2020\/02\/2-319-150x97.jpg 150w\" sizes=\"auto, (max-width: 660px) 100vw, 660px\" \/><\/a>\n\t\t\t<\/div><\/figure><figure class='gallery-item'>\n\t\t\t<div class='gallery-icon landscape'>\n\t\t\t\t<a href='https:\/\/archive.sana.sy\/tr\/wp-content\/uploads\/2020\/02\/3-284.jpg'><img loading=\"lazy\" decoding=\"async\" width=\"660\" height=\"419\" src=\"https:\/\/archive.sana.sy\/tr\/wp-content\/uploads\/2020\/02\/3-284.jpg\" class=\"attachment-full size-full\" alt=\"\" srcset=\"https:\/\/archive.sana.sy\/tr\/wp-content\/uploads\/2020\/02\/3-284.jpg 660w, https:\/\/archive.sana.sy\/tr\/wp-content\/uploads\/2020\/02\/3-284-300x190.jpg 300w, https:\/\/archive.sana.sy\/tr\/wp-content\/uploads\/2020\/02\/3-284-150x95.jpg 150w\" sizes=\"auto, (max-width: 660px) 100vw, 660px\" \/><\/a>\n\t\t\t<\/div><\/figure><figure class='gallery-item'>\n\t\t\t<div class='gallery-icon landscape'>\n\t\t\t\t<a href='https:\/\/archive.sana.sy\/tr\/wp-content\/uploads\/2020\/02\/4-242.jpg'><img loading=\"lazy\" decoding=\"async\" width=\"660\" height=\"398\" src=\"https:\/\/archive.sana.sy\/tr\/wp-content\/uploads\/2020\/02\/4-242.jpg\" class=\"attachment-full size-full\" alt=\"\" srcset=\"https:\/\/archive.sana.sy\/tr\/wp-content\/uploads\/2020\/02\/4-242.jpg 660w, https:\/\/archive.sana.sy\/tr\/wp-content\/uploads\/2020\/02\/4-242-300x181.jpg 300w, https:\/\/archive.sana.sy\/tr\/wp-content\/uploads\/2020\/02\/4-242-150x90.jpg 150w\" sizes=\"auto, (max-width: 660px) 100vw, 660px\" \/><\/a>\n\t\t\t<\/div><\/figure><figure class='gallery-item'>\n\t\t\t<div class='gallery-icon landscape'>\n\t\t\t\t<a href='https:\/\/archive.sana.sy\/tr\/wp-content\/uploads\/2020\/02\/5-216.jpg'><img loading=\"lazy\" decoding=\"async\" width=\"660\" height=\"404\" src=\"https:\/\/archive.sana.sy\/tr\/wp-content\/uploads\/2020\/02\/5-216.jpg\" class=\"attachment-full size-full\" alt=\"\" srcset=\"https:\/\/archive.sana.sy\/tr\/wp-content\/uploads\/2020\/02\/5-216.jpg 660w, https:\/\/archive.sana.sy\/tr\/wp-content\/uploads\/2020\/02\/5-216-300x184.jpg 300w, https:\/\/archive.sana.sy\/tr\/wp-content\/uploads\/2020\/02\/5-216-150x92.jpg 150w\" sizes=\"auto, (max-width: 660px) 100vw, 660px\" \/><\/a>\n\t\t\t<\/div><\/figure><figure class='gallery-item'>\n\t\t\t<div class='gallery-icon landscape'>\n\t\t\t\t<a href='https:\/\/archive.sana.sy\/tr\/wp-content\/uploads\/2020\/02\/6-191.jpg'><img loading=\"lazy\" decoding=\"async\" width=\"660\" height=\"417\" src=\"https:\/\/archive.sana.sy\/tr\/wp-content\/uploads\/2020\/02\/6-191.jpg\" class=\"attachment-full size-full\" alt=\"\" srcset=\"https:\/\/archive.sana.sy\/tr\/wp-content\/uploads\/2020\/02\/6-191.jpg 660w, https:\/\/archive.sana.sy\/tr\/wp-content\/uploads\/2020\/02\/6-191-300x190.jpg 300w, https:\/\/archive.sana.sy\/tr\/wp-content\/uploads\/2020\/02\/6-191-150x95.jpg 150w\" sizes=\"auto, (max-width: 660px) 100vw, 660px\" \/><\/a>\n\t\t\t<\/div><\/figure><figure class='gallery-item'>\n\t\t\t<div class='gallery-icon landscape'>\n\t\t\t\t<a href='https:\/\/archive.sana.sy\/tr\/wp-content\/uploads\/2020\/02\/12-107-1.jpg'><img loading=\"lazy\" decoding=\"async\" width=\"660\" height=\"371\" src=\"https:\/\/archive.sana.sy\/tr\/wp-content\/uploads\/2020\/02\/12-107-1.jpg\" class=\"attachment-full size-full\" alt=\"\" srcset=\"https:\/\/archive.sana.sy\/tr\/wp-content\/uploads\/2020\/02\/12-107-1.jpg 660w, https:\/\/archive.sana.sy\/tr\/wp-content\/uploads\/2020\/02\/12-107-1-300x169.jpg 300w, https:\/\/archive.sana.sy\/tr\/wp-content\/uploads\/2020\/02\/12-107-1-150x84.jpg 150w\" sizes=\"auto, (max-width: 660px) 100vw, 660px\" \/><\/a>\n\t\t\t<\/div><\/figure><figure class='gallery-item'>\n\t\t\t<div class='gallery-icon landscape'>\n\t\t\t\t<a href='https:\/\/archive.sana.sy\/tr\/wp-content\/uploads\/2020\/02\/14-66-1.jpg'><img loading=\"lazy\" decoding=\"async\" width=\"660\" height=\"327\" src=\"https:\/\/archive.sana.sy\/tr\/wp-content\/uploads\/2020\/02\/14-66-1.jpg\" class=\"attachment-full size-full\" alt=\"\" srcset=\"https:\/\/archive.sana.sy\/tr\/wp-content\/uploads\/2020\/02\/14-66-1.jpg 660w, https:\/\/archive.sana.sy\/tr\/wp-content\/uploads\/2020\/02\/14-66-1-300x149.jpg 300w, https:\/\/archive.sana.sy\/tr\/wp-content\/uploads\/2020\/02\/14-66-1-150x74.jpg 150w\" sizes=\"auto, (max-width: 660px) 100vw, 660px\" \/><\/a>\n\t\t\t<\/div><\/figure><figure class='gallery-item'>\n\t\t\t<div class='gallery-icon landscape'>\n\t\t\t\t<a href='https:\/\/archive.sana.sy\/tr\/wp-content\/uploads\/2020\/02\/14-67.jpg'><img loading=\"lazy\" decoding=\"async\" width=\"660\" height=\"382\" src=\"https:\/\/archive.sana.sy\/tr\/wp-content\/uploads\/2020\/02\/14-67.jpg\" class=\"attachment-full size-full\" alt=\"\" srcset=\"https:\/\/archive.sana.sy\/tr\/wp-content\/uploads\/2020\/02\/14-67.jpg 660w, https:\/\/archive.sana.sy\/tr\/wp-content\/uploads\/2020\/02\/14-67-300x174.jpg 300w, https:\/\/archive.sana.sy\/tr\/wp-content\/uploads\/2020\/02\/14-67-150x87.jpg 150w\" sizes=\"auto, (max-width: 660px) 100vw, 660px\" \/><\/a>\n\t\t\t<\/div><\/figure>\n\t\t<\/div>\n\n","protected":false},"excerpt":{"rendered":"<p>\u015eAM \u2013 G\u00fcvenlik birimleri G\u00fcney B\u00f6lgesinde g\u00fcvenlik sa\u011flamay\u0131 ama\u00e7layan arama tarama operasyonlar\u0131 \u00e7er\u00e7evesinde aralar\u0131nda T\u00fcrk men\u015feli cephanenin bulundu\u011fu ter\u00f6rden kalma silah deposunu ele ge\u00e7irdi. SANA muhabiri; g\u00fcvenlik birimlerinin G\u00fcney B\u00f6lgesinde s\u00fcrd\u00fcrd\u00fckleri arama tarama operasyonlar\u0131 \u00e7er\u00e7evesinde radikal ter\u00f6r gruplar\u0131ndan kalma b\u00fcy\u00fck miktarda silah ve farkl\u0131 t\u00fcr cephanenin bulundu\u011fu depoyu ele ge\u00e7irdiklerini belirtti. Muhabir; ele ge\u00e7irilen depoda &hellip;<\/p>\n","protected":false},"author":1,"featured_media":203698,"comment_status":"closed","ping_status":"closed","sticky":false,"template":"","format":"standard","meta":{"footnotes":""},"categories":[596,479,17988,478],"tags":[],"class_list":["post-203673","post","type-post","status-publish","format-standard","has-post-thumbnail","","category-fotografli-raporlar","category-haberler-yerel","category-son-haberler","category-yerel"],"_links":{"self":[{"href":"https:\/\/archive.sana.sy\/tr\/index.php?rest_route=\/wp\/v2\/posts\/203673","targetHints":{"allow":["GET"]}}],"collection":[{"href":"https:\/\/archive.sana.sy\/tr\/index.php?rest_route=\/wp\/v2\/posts"}],"about":[{"href":"https:\/\/archive.sana.sy\/tr\/index.php?rest_route=\/wp\/v2\/types\/post"}],"author":[{"embeddable":true,"href":"https:\/\/archive.sana.sy\/tr\/index.php?rest_route=\/wp\/v2\/users\/1"}],"replies":[{"embeddable":true,"href":"https:\/\/archive.sana.sy\/tr\/index.php?rest_route=%2Fwp%2Fv2%2Fcomments&post=203673"}],"version-history":[{"count":0,"href":"https:\/\/archive.sana.sy\/tr\/index.php?rest_route=\/wp\/v2\/posts\/203673\/revisions"}],"wp:featuredmedia":[{"embeddable":true,"href":"https:\/\/archive.sana.sy\/tr\/index.php?rest_route=\/wp\/v2\/media\/203698"}],"wp:attachment":[{"href":"https:\/\/archive.sana.sy\/tr\/index.php?rest_route=%2Fwp%2Fv2%2Fmedia&parent=203673"}],"wp:term":[{"taxonomy":"category","embeddable":true,"href":"https:\/\/archive.sana.sy\/tr\/index.php?rest_route=%2Fwp%2Fv2%2Fcategories&post=203673"},{"taxonomy":"post_tag","embeddable":true,"href":"https:\/\/archive.sana.sy\/tr\/index.php?rest_route=%2Fwp%2Fv2%2Ftags&post=203673"}],"curies":[{"name":"wp","href":"https:\/\/api.w.org\/{rel}","templated":true}]}}