{"id":203780,"date":"2020-02-28T14:49:53","date_gmt":"2020-02-28T12:49:53","guid":{"rendered":"http:\/\/www.sana.sy\/tr\/?p=203780"},"modified":"2020-02-28T14:49:53","modified_gmt":"2020-02-28T12:49:53","slug":"guvenlik-birimleri-guney-bolgesinde-arama-tarama-operasyonlari-cercevesinde-radikal-teror-gruplarindan-kalma-silah-deposunu-ele-gecirdi","status":"publish","type":"post","link":"https:\/\/archive.sana.sy\/tr\/?p=203780","title":{"rendered":"G\u00fcvenlik birimleri G\u00fcney B\u00f6lgesinde arama tarama operasyonlar\u0131 \u00e7er\u00e7evesinde radikal ter\u00f6r gruplar\u0131ndan kalma silah deposunu ele ge\u00e7irdi"},"content":{"rendered":"<p>G\u00fcvenlik birimleri G\u00fcney B\u00f6lgesinde g\u00fcvenlik sa\u011flamay\u0131 ama\u00e7layan arama tarama operasyonlar\u0131 \u00e7er\u00e7evesinde aralar\u0131nda T\u00fcrk men\u015feli cephanenin bulundu\u011fu radikal ter\u00f6r gruplar\u0131ndan kalma silah deposunu ele ge\u00e7irdi<\/p>\n<p><iframe loading=\"lazy\" src=\"https:\/\/www.youtube.com\/embed\/ISJ_vE8myyg\" width=\"620\" height=\"348\" frameborder=\"0\" allowfullscreen=\"allowfullscreen\"><\/iframe><\/p>\n","protected":false},"excerpt":{"rendered":"<p>G\u00fcvenlik birimleri G\u00fcney B\u00f6lgesinde g\u00fcvenlik sa\u011flamay\u0131 ama\u00e7layan arama tarama operasyonlar\u0131 \u00e7er\u00e7evesinde aralar\u0131nda T\u00fcrk men\u015feli cephanenin bulundu\u011fu radikal ter\u00f6r gruplar\u0131ndan kalma silah deposunu ele ge\u00e7irdi<\/p>\n","protected":false},"author":1,"featured_media":203782,"comment_status":"closed","ping_status":"closed","sticky":false,"template":"","format":"standard","meta":{"footnotes":""},"categories":[18295],"tags":[],"class_list":["post-203780","post","type-post","status-publish","format-standard","has-post-thumbnail","","category-sana-video"],"_links":{"self":[{"href":"https:\/\/archive.sana.sy\/tr\/index.php?rest_route=\/wp\/v2\/posts\/203780","targetHints":{"allow":["GET"]}}],"collection":[{"href":"https:\/\/archive.sana.sy\/tr\/index.php?rest_route=\/wp\/v2\/posts"}],"about":[{"href":"https:\/\/archive.sana.sy\/tr\/index.php?rest_route=\/wp\/v2\/types\/post"}],"author":[{"embeddable":true,"href":"https:\/\/archive.sana.sy\/tr\/index.php?rest_route=\/wp\/v2\/users\/1"}],"replies":[{"embeddable":true,"href":"https:\/\/archive.sana.sy\/tr\/index.php?rest_route=%2Fwp%2Fv2%2Fcomments&post=203780"}],"version-history":[{"count":0,"href":"https:\/\/archive.sana.sy\/tr\/index.php?rest_route=\/wp\/v2\/posts\/203780\/revisions"}],"wp:featuredmedia":[{"embeddable":true,"href":"https:\/\/archive.sana.sy\/tr\/index.php?rest_route=\/wp\/v2\/media\/203782"}],"wp:attachment":[{"href":"https:\/\/archive.sana.sy\/tr\/index.php?rest_route=%2Fwp%2Fv2%2Fmedia&parent=203780"}],"wp:term":[{"taxonomy":"category","embeddable":true,"href":"https:\/\/archive.sana.sy\/tr\/index.php?rest_route=%2Fwp%2Fv2%2Fcategories&post=203780"},{"taxonomy":"post_tag","embeddable":true,"href":"https:\/\/archive.sana.sy\/tr\/index.php?rest_route=%2Fwp%2Fv2%2Ftags&post=203780"}],"curies":[{"name":"wp","href":"https:\/\/api.w.org\/{rel}","templated":true}]}}