{"id":203801,"date":"2020-02-28T16:37:57","date_gmt":"2020-02-28T14:37:57","guid":{"rendered":"http:\/\/www.sana.sy\/tr\/?p=203801"},"modified":"2020-02-29T14:20:54","modified_gmt":"2020-02-29T12:20:54","slug":"askeri-kaynak-ordu-birliklerimiz-turk-rejiminden-destekli-teror-orgutlerinin-saldiri-girisimlerine-karsi-koymaya-devam-ediyor","status":"publish","type":"post","link":"https:\/\/archive.sana.sy\/tr\/?p=203801","title":{"rendered":"Askeri Kaynak: Ordu Birliklerimiz T\u00fcrk Rejiminden Destekli Ter\u00f6r \u00d6rg\u00fctlerinin Sald\u0131r\u0131 Giri\u015fimlerine Kar\u015f\u0131 Koymaya Devam Ediyor"},"content":{"rendered":"<p>\u015eAM \u2013 Askeri bir kaynak ordu birliklerimizin Serakib eksenine kar\u015f\u0131 T\u00fcrk taraf\u0131ndan b\u00fcy\u00fck ve direkt bir \u015fekilde destekli ter\u00f6r \u00f6rg\u00fctlerinin bulunduklar\u0131 devaml\u0131 sald\u0131r\u0131 giri\u015fimlerine azimle kar\u015f\u0131l\u0131k vermeye devam ettiklerini onaylad\u0131.<\/p>\n<p>Ordu birliklerimizin son g\u00fcnlerde ter\u00f6r \u00f6rg\u00fctlerine kar\u015f\u0131 kaydettikleri ba\u015far\u0131lar\u0131na i\u015faret eden Kaynak; Erdo\u011fan&#8217;\u0131n \u0130dlib&#8217;teki hedeflerine ula\u015famad\u0131\u011f\u0131 sebebiyle, Suriye ordusunun T\u00fcrk ve ter\u00f6ristlerin ortak sald\u0131r\u0131sna kar\u015f\u0131l\u0131k verirken maruz kald\u0131\u011f\u0131 hasarlar hacminin abart\u0131ld\u0131\u011f\u0131n\u0131 belirtti.<\/p>\n<p>Kaynak; Suriye ordusuyla \u00e7at\u0131\u015fma sonucunda sald\u0131rganlar\u0131n ald\u0131\u011f\u0131 a\u011f\u0131r kay\u0131plar\u0131n ger\u00e7ekli\u011fini g\u00f6rmezden gelindi\u011fine i\u015faret ederken Suriye ordusunun kendi topraklarn\u0131, vatan\u0131 ve vatanda\u015flar\u0131 savunma konusundaki g\u00f6revine devam edece\u011fini ve t\u00fcm Suriye co\u011frafyas\u0131nda ter\u00f6rizmi farkl\u0131 \u015fekili ve isimleriyle yok edecek.<\/p>\n<p>\u00c7eviri: P.M.<\/p>\n","protected":false},"excerpt":{"rendered":"<p>\u015eAM \u2013 Askeri bir kaynak ordu birliklerimizin Serakib eksenine kar\u015f\u0131 T\u00fcrk taraf\u0131ndan b\u00fcy\u00fck ve direkt bir \u015fekilde destekli ter\u00f6r \u00f6rg\u00fctlerinin bulunduklar\u0131 devaml\u0131 sald\u0131r\u0131 giri\u015fimlerine azimle kar\u015f\u0131l\u0131k vermeye devam ettiklerini onaylad\u0131. Ordu birliklerimizin son g\u00fcnlerde ter\u00f6r \u00f6rg\u00fctlerine kar\u015f\u0131 kaydettikleri ba\u015far\u0131lar\u0131na i\u015faret eden Kaynak; Erdo\u011fan&#8217;\u0131n \u0130dlib&#8217;teki hedeflerine ula\u015famad\u0131\u011f\u0131 sebebiyle, Suriye ordusunun T\u00fcrk ve ter\u00f6ristlerin ortak sald\u0131r\u0131sna kar\u015f\u0131l\u0131k &hellip;<\/p>\n","protected":false},"author":1,"featured_media":203815,"comment_status":"closed","ping_status":"closed","sticky":false,"template":"","format":"standard","meta":{"footnotes":""},"categories":[479,575,17988,478],"tags":[],"class_list":["post-203801","post","type-post","status-publish","format-standard","has-post-thumbnail","","category-haberler-yerel","category-olaylar-ve-gercekler","category-son-haberler","category-yerel"],"_links":{"self":[{"href":"https:\/\/archive.sana.sy\/tr\/index.php?rest_route=\/wp\/v2\/posts\/203801","targetHints":{"allow":["GET"]}}],"collection":[{"href":"https:\/\/archive.sana.sy\/tr\/index.php?rest_route=\/wp\/v2\/posts"}],"about":[{"href":"https:\/\/archive.sana.sy\/tr\/index.php?rest_route=\/wp\/v2\/types\/post"}],"author":[{"embeddable":true,"href":"https:\/\/archive.sana.sy\/tr\/index.php?rest_route=\/wp\/v2\/users\/1"}],"replies":[{"embeddable":true,"href":"https:\/\/archive.sana.sy\/tr\/index.php?rest_route=%2Fwp%2Fv2%2Fcomments&post=203801"}],"version-history":[{"count":0,"href":"https:\/\/archive.sana.sy\/tr\/index.php?rest_route=\/wp\/v2\/posts\/203801\/revisions"}],"wp:featuredmedia":[{"embeddable":true,"href":"https:\/\/archive.sana.sy\/tr\/index.php?rest_route=\/wp\/v2\/media\/203815"}],"wp:attachment":[{"href":"https:\/\/archive.sana.sy\/tr\/index.php?rest_route=%2Fwp%2Fv2%2Fmedia&parent=203801"}],"wp:term":[{"taxonomy":"category","embeddable":true,"href":"https:\/\/archive.sana.sy\/tr\/index.php?rest_route=%2Fwp%2Fv2%2Fcategories&post=203801"},{"taxonomy":"post_tag","embeddable":true,"href":"https:\/\/archive.sana.sy\/tr\/index.php?rest_route=%2Fwp%2Fv2%2Ftags&post=203801"}],"curies":[{"name":"wp","href":"https:\/\/api.w.org\/{rel}","templated":true}]}}