{"id":203838,"date":"2020-02-28T16:05:06","date_gmt":"2020-02-28T14:05:06","guid":{"rendered":"http:\/\/www.sana.sy\/tr\/?p=203838"},"modified":"2020-02-29T14:20:49","modified_gmt":"2020-02-29T12:20:49","slug":"kremlin-idlibte-bombalanan-turk-askerleri-teroristlerin-toplama-alanlarindaydi","status":"publish","type":"post","link":"https:\/\/archive.sana.sy\/tr\/?p=203838","title":{"rendered":"Kremlin: \u0130dlib&#8217;te Bombalanan T\u00fcrk Askerleri Ter\u00f6ristlerin Toplama Alanlar\u0131ndayd\u0131"},"content":{"rendered":"<p>MOSKOVA \u2013 \u0130dlib\u2019te 33 T\u00fcrk askerin \u00f6ld\u00fcr\u00fcld\u00fckten ve 32\u2019in yaraland\u0131ktan sonra bug\u00fcn Rusya Ba\u015fkan\u0131 Vladimir Putin Rusya Milli G\u00fcvenlik Konseyi \u00fcyeleriyle bulundu\u011fu toplant\u0131da \u0130dlib\u2019teki durumlar\u0131 tart\u0131\u015ft\u0131.<\/p>\n<p>Bu toplant\u0131n\u0131n \u0131\u015f\u0131\u011f\u0131nda a\u00e7\u0131klamalar yapan Rusya Ba\u015fkanl\u0131k S\u00f6zc\u00fcs\u00fc Dmitriy Peskov; T\u00fcrk askerlerin maruz kald\u0131klar\u0131 bombard\u0131man\u0131n an\u0131nda ter\u00f6ristlerle bir arada bulunduklar\u0131n\u0131 belirtti.<\/p>\n<p>Ankara\u2019n\u0131n kendi askerlerin konu\u015flad\u0131klar\u0131 mevkileri hakk\u0131nda Rus taraf\u0131na bilgi vermedi\u011fini bildiren Peskov; \u0130dlib\u2019teki ter\u00f6ristler aras\u0131nda BDT de dahil olmak \u00fczere \u00e7ok say\u0131da yabanc\u0131 kiral\u0131k ter\u00f6ristlerin bulundu\u011funa dikkat \u00e7ekti.<\/p>\n<p>Daha erken saatlerinde bug\u00fcn, T\u00fcrk askerlerinin \u0130dlib\u2019te bombard\u0131mana maruz kald\u0131klar\u0131 an\u0131nda ter\u00f6ristlerle birlikte ayn\u0131 noktalarda bulunduklar\u0131n\u0131 Rusya Savunma Bakanl\u0131\u011f\u0131 da belirtmi\u015fti.<\/p>\n<p>\u0130dlib\u2019te bulunan T\u00fcrk g\u00f6zlem noktalar\u0131n\u0131n g\u00f6revi ter\u00f6ristlerin g\u00fcvenli b\u00f6lgelere kar\u015f\u0131 sald\u0131r\u0131lar\u0131n\u0131 ve Rus askeri \u00fc\u015f\u00fclere kar\u015f\u0131 sald\u0131r\u0131lar\u0131n\u0131 engellemeyi oldu\u011funun alt\u0131n\u0131 \u00e7izen Peskov; T\u00fcrk taraf\u0131n\u0131n bunu ger\u00e7ekle\u015ftirmedi\u011fini i\u015faret etti.<\/p>\n<p>\u00c7eviri: P.M.<\/p>\n","protected":false},"excerpt":{"rendered":"<p>MOSKOVA \u2013 \u0130dlib\u2019te 33 T\u00fcrk askerin \u00f6ld\u00fcr\u00fcld\u00fckten ve 32\u2019in yaraland\u0131ktan sonra bug\u00fcn Rusya Ba\u015fkan\u0131 Vladimir Putin Rusya Milli G\u00fcvenlik Konseyi \u00fcyeleriyle bulundu\u011fu toplant\u0131da \u0130dlib\u2019teki durumlar\u0131 tart\u0131\u015ft\u0131. Bu toplant\u0131n\u0131n \u0131\u015f\u0131\u011f\u0131nda a\u00e7\u0131klamalar yapan Rusya Ba\u015fkanl\u0131k S\u00f6zc\u00fcs\u00fc Dmitriy Peskov; T\u00fcrk askerlerin maruz kald\u0131klar\u0131 bombard\u0131man\u0131n an\u0131nda ter\u00f6ristlerle bir arada bulunduklar\u0131n\u0131 belirtti. Ankara\u2019n\u0131n kendi askerlerin konu\u015flad\u0131klar\u0131 mevkileri hakk\u0131nda Rus taraf\u0131na &hellip;<\/p>\n","protected":false},"author":1,"featured_media":203840,"comment_status":"closed","ping_status":"closed","sticky":false,"template":"","format":"standard","meta":{"footnotes":""},"categories":[458,459,17988],"tags":[],"class_list":["post-203838","post","type-post","status-publish","format-standard","has-post-thumbnail","","category-dunya1","category-haberler-arap-uluslararasi-politika","category-son-haberler"],"_links":{"self":[{"href":"https:\/\/archive.sana.sy\/tr\/index.php?rest_route=\/wp\/v2\/posts\/203838","targetHints":{"allow":["GET"]}}],"collection":[{"href":"https:\/\/archive.sana.sy\/tr\/index.php?rest_route=\/wp\/v2\/posts"}],"about":[{"href":"https:\/\/archive.sana.sy\/tr\/index.php?rest_route=\/wp\/v2\/types\/post"}],"author":[{"embeddable":true,"href":"https:\/\/archive.sana.sy\/tr\/index.php?rest_route=\/wp\/v2\/users\/1"}],"replies":[{"embeddable":true,"href":"https:\/\/archive.sana.sy\/tr\/index.php?rest_route=%2Fwp%2Fv2%2Fcomments&post=203838"}],"version-history":[{"count":0,"href":"https:\/\/archive.sana.sy\/tr\/index.php?rest_route=\/wp\/v2\/posts\/203838\/revisions"}],"wp:featuredmedia":[{"embeddable":true,"href":"https:\/\/archive.sana.sy\/tr\/index.php?rest_route=\/wp\/v2\/media\/203840"}],"wp:attachment":[{"href":"https:\/\/archive.sana.sy\/tr\/index.php?rest_route=%2Fwp%2Fv2%2Fmedia&parent=203838"}],"wp:term":[{"taxonomy":"category","embeddable":true,"href":"https:\/\/archive.sana.sy\/tr\/index.php?rest_route=%2Fwp%2Fv2%2Fcategories&post=203838"},{"taxonomy":"post_tag","embeddable":true,"href":"https:\/\/archive.sana.sy\/tr\/index.php?rest_route=%2Fwp%2Fv2%2Ftags&post=203838"}],"curies":[{"name":"wp","href":"https:\/\/api.w.org\/{rel}","templated":true}]}}