{"id":203909,"date":"2020-02-29T21:18:43","date_gmt":"2020-02-29T19:18:43","guid":{"rendered":"http:\/\/www.sana.sy\/tr\/?p=203909"},"modified":"2020-03-01T13:27:06","modified_gmt":"2020-03-01T11:27:06","slug":"putin-ve-ruhani-astana-mutabakatinin-tamaminin-uygulanmasinin-gerekliligine-vurguladi","status":"publish","type":"post","link":"https:\/\/archive.sana.sy\/tr\/?p=203909","title":{"rendered":"Putin ve Ruhani, Astana Mutabakat\u0131n\u0131n Tamam\u0131n\u0131n Uygulanmas\u0131n\u0131n Gereklili\u011fine Vurgulad\u0131"},"content":{"rendered":"<p>MOSKOVA \u2013 Rusya ba\u015fkan\u0131 Vladimir Putin ile \u0130ranl\u0131 mevkida\u015f\u0131 Hasan Ruhani bir telefon g\u00f6r\u00fc\u015fmesinde \u0130dlib\u2019teki durumu g\u00f6r\u00fc\u015ft\u00fc.<\/p>\n<p>RT haber sitesi kremlin\u2019den naklen, Putin ve Ruhani\u2019nin bir g\u00f6r\u00fc\u015fmesinde \u00a0Astana mutabakat\u0131n\u0131n tamam\u0131n\u0131n uygulanmas\u0131n\u0131n gereklili\u011fine vurgulad\u0131klar\u0131n\u0131 aktard\u0131.<\/p>\n<p>Astana toplant\u0131lar\u0131, Kazakistan\u2019\u0131n ba\u015fkenti Astana\u2019da 2017 y\u0131l\u0131nda ba\u015flayarak birisi Su\u00e7i\u2019de olma \u00fczere 14 toplant\u0131s\u0131 d\u00fczenlenmi\u015ftir. B\u00fct\u00fcn bu toplant\u0131larda Suriye\u2019nin egemenli\u011fi, ba\u011f\u0131ms\u0131zl\u0131\u011f\u0131 ve toprak b\u00fct\u00fcnl\u00fc\u011f\u00fcn\u00fcn korumas\u0131na vurguland\u0131.<\/p>\n","protected":false},"excerpt":{"rendered":"<p>MOSKOVA \u2013 Rusya ba\u015fkan\u0131 Vladimir Putin ile \u0130ranl\u0131 mevkida\u015f\u0131 Hasan Ruhani bir telefon g\u00f6r\u00fc\u015fmesinde \u0130dlib\u2019teki durumu g\u00f6r\u00fc\u015ft\u00fc. RT haber sitesi kremlin\u2019den naklen, Putin ve Ruhani\u2019nin bir g\u00f6r\u00fc\u015fmesinde \u00a0Astana mutabakat\u0131n\u0131n tamam\u0131n\u0131n uygulanmas\u0131n\u0131n gereklili\u011fine vurgulad\u0131klar\u0131n\u0131 aktard\u0131. Astana toplant\u0131lar\u0131, Kazakistan\u2019\u0131n ba\u015fkenti Astana\u2019da 2017 y\u0131l\u0131nda ba\u015flayarak birisi Su\u00e7i\u2019de olma \u00fczere 14 toplant\u0131s\u0131 d\u00fczenlenmi\u015ftir. B\u00fct\u00fcn bu toplant\u0131larda Suriye\u2019nin egemenli\u011fi, ba\u011f\u0131ms\u0131zl\u0131\u011f\u0131 &hellip;<\/p>\n","protected":false},"author":1,"featured_media":203910,"comment_status":"closed","ping_status":"closed","sticky":false,"template":"","format":"standard","meta":{"footnotes":""},"categories":[458,459,17988],"tags":[],"class_list":["post-203909","post","type-post","status-publish","format-standard","has-post-thumbnail","","category-dunya1","category-haberler-arap-uluslararasi-politika","category-son-haberler"],"_links":{"self":[{"href":"https:\/\/archive.sana.sy\/tr\/index.php?rest_route=\/wp\/v2\/posts\/203909","targetHints":{"allow":["GET"]}}],"collection":[{"href":"https:\/\/archive.sana.sy\/tr\/index.php?rest_route=\/wp\/v2\/posts"}],"about":[{"href":"https:\/\/archive.sana.sy\/tr\/index.php?rest_route=\/wp\/v2\/types\/post"}],"author":[{"embeddable":true,"href":"https:\/\/archive.sana.sy\/tr\/index.php?rest_route=\/wp\/v2\/users\/1"}],"replies":[{"embeddable":true,"href":"https:\/\/archive.sana.sy\/tr\/index.php?rest_route=%2Fwp%2Fv2%2Fcomments&post=203909"}],"version-history":[{"count":0,"href":"https:\/\/archive.sana.sy\/tr\/index.php?rest_route=\/wp\/v2\/posts\/203909\/revisions"}],"wp:featuredmedia":[{"embeddable":true,"href":"https:\/\/archive.sana.sy\/tr\/index.php?rest_route=\/wp\/v2\/media\/203910"}],"wp:attachment":[{"href":"https:\/\/archive.sana.sy\/tr\/index.php?rest_route=%2Fwp%2Fv2%2Fmedia&parent=203909"}],"wp:term":[{"taxonomy":"category","embeddable":true,"href":"https:\/\/archive.sana.sy\/tr\/index.php?rest_route=%2Fwp%2Fv2%2Fcategories&post=203909"},{"taxonomy":"post_tag","embeddable":true,"href":"https:\/\/archive.sana.sy\/tr\/index.php?rest_route=%2Fwp%2Fv2%2Ftags&post=203909"}],"curies":[{"name":"wp","href":"https:\/\/api.w.org\/{rel}","templated":true}]}}