{"id":203912,"date":"2020-02-29T22:24:57","date_gmt":"2020-02-29T20:24:57","guid":{"rendered":"http:\/\/www.sana.sy\/tr\/?p=203912"},"modified":"2020-03-01T13:26:09","modified_gmt":"2020-03-01T11:26:09","slug":"butun-suriye-cografyasi-uzerinde-dunya-terorunun-temsilcisi-erdogan-rejiminin-kinama-cigliklari-atildi","status":"publish","type":"post","link":"https:\/\/archive.sana.sy\/tr\/?p=203912","title":{"rendered":"B\u00fct\u00fcn Suriye Co\u011frafyas\u0131 \u00dczerinde D\u00fcnya Ter\u00f6r\u00fcn\u00fcn Temsilcisi Erdo\u011fan Rejimi\u2019nin K\u0131nama \u00c7\u0131\u011fl\u0131klar\u0131 At\u0131ld\u0131"},"content":{"rendered":"<p>\u0130LLER \u2013 B\u00fct\u00fcn Suriye illeri ve beldelerinde Erdo\u011fa rejiminin Suriye\u2019ye y\u00f6nelik sald\u0131rganl\u0131\u011f\u0131 ve ter\u00f6ristlere deste\u011fini k\u0131nama ve Suriye Arap Ordusu\u2019nun arkas\u0131nda durma kampanyalar\u0131 d\u00fczenlendi.<\/p>\n<p>Resmi ve Halk kitleleri, zalim T\u00fcrk Sald\u0131rganl\u0131\u011f\u0131 ve Ter\u00f6ristlere deste\u011fine kar\u015f\u0131 Suriye Arap Ordusu\u2019nun vatan\u0131n her zerre topra\u011f\u0131n\u0131 kurtarmas\u0131na de\u011fin arkas\u0131nda durmalar\u0131n\u0131 yineledi.<img loading=\"lazy\" decoding=\"async\" class=\"size-full wp-image-203914 alignright\" src=\"http:\/\/www.sana.sy\/tr\/wp-content\/uploads\/2020\/02\/2222-5-300x165-1.jpg\" alt=\"\" width=\"300\" height=\"165\" srcset=\"https:\/\/archive.sana.sy\/tr\/wp-content\/uploads\/2020\/02\/2222-5-300x165-1.jpg 300w, https:\/\/archive.sana.sy\/tr\/wp-content\/uploads\/2020\/02\/2222-5-300x165-1-150x83.jpg 150w\" sizes=\"auto, (max-width: 300px) 100vw, 300px\" \/><\/p>\n<p>Gazetecilere Federasyonu\u2019nun Lazkiye \u015fubesi ba\u015fkan\u0131 \u0130brahim \u015eaban SANA Muhabirine, Erdo\u011fan rejiminin Suriye\u2019ye kar\u015f\u0131 d\u00fc\u015fmanc\u0131l sava\u015f\u0131n ba\u015f\u0131ndan beri hep ter\u00f6r \u00f6rg\u00fctlerinine destek\u00e7i oldu\u011funu ve yobaz ter\u00f6rist \u00f6rne\u011fi b\u00fct\u00fcn b\u00f6lgeye yaymas\u0131na \u00e7al\u0131\u015ft\u0131\u011f\u0131n\u0131 ifade etti.<\/p>\n<p>Plastik sanat\u00e7\u0131s\u0131 Adeviye Deyyub, do\u011fal hakk\u0131n\u0131, vatan\u0131n\u0131 ve halk\u0131n\u0131n onurunu savunan Suriye Arap Ordusu\u2019nun olaca\u011f\u0131n\u0131 belirtti.<\/p>\n<p>Munbi\u00e7 kenti ahalisinden Eymen S\u00fcleyman, Suriye topra\u011f\u0131 \u00fczerinde \u00f6ld\u00fcr\u00fclen T\u00fcrk askerlerin i\u015fgal askerleri olduklar\u0131n\u0131 ve onlar\u0131n sonu her i\u015fgalcinin sonu oldu\u011funu vurgulad\u0131.<\/p>\n<p>Vatanda\u015f Ali Saud, Erdo\u011fan\u2019\u0131n sava\u015fa dolay\u0131s\u0131z \u015fekilde m\u00fcdahelesinin amac\u0131 \u00f6nlerinde sadece T\u00fcrkiye\u2019ye do\u011fru ka\u00e7mak yolu kald\u0131\u011f\u0131 y\u0131pranan ter\u00f6ristleri desteklemek oldu\u011funu s\u00f6yledi.<\/p>\n","protected":false},"excerpt":{"rendered":"<p>\u0130LLER \u2013 B\u00fct\u00fcn Suriye illeri ve beldelerinde Erdo\u011fa rejiminin Suriye\u2019ye y\u00f6nelik sald\u0131rganl\u0131\u011f\u0131 ve ter\u00f6ristlere deste\u011fini k\u0131nama ve Suriye Arap Ordusu\u2019nun arkas\u0131nda durma kampanyalar\u0131 d\u00fczenlendi. Resmi ve Halk kitleleri, zalim T\u00fcrk Sald\u0131rganl\u0131\u011f\u0131 ve Ter\u00f6ristlere deste\u011fine kar\u015f\u0131 Suriye Arap Ordusu\u2019nun vatan\u0131n her zerre topra\u011f\u0131n\u0131 kurtarmas\u0131na de\u011fin arkas\u0131nda durmalar\u0131n\u0131 yineledi. Gazetecilere Federasyonu\u2019nun Lazkiye \u015fubesi ba\u015fkan\u0131 \u0130brahim \u015eaban SANA &hellip;<\/p>\n","protected":false},"author":1,"featured_media":203913,"comment_status":"closed","ping_status":"closed","sticky":false,"template":"","format":"standard","meta":{"footnotes":""},"categories":[479,17988,2554,2555,478],"tags":[],"class_list":["post-203912","post","type-post","status-publish","format-standard","has-post-thumbnail","","category-haberler-yerel","category-son-haberler","category-suriye-ve-dunya","category-suriye-ve-turkiye","category-yerel"],"_links":{"self":[{"href":"https:\/\/archive.sana.sy\/tr\/index.php?rest_route=\/wp\/v2\/posts\/203912","targetHints":{"allow":["GET"]}}],"collection":[{"href":"https:\/\/archive.sana.sy\/tr\/index.php?rest_route=\/wp\/v2\/posts"}],"about":[{"href":"https:\/\/archive.sana.sy\/tr\/index.php?rest_route=\/wp\/v2\/types\/post"}],"author":[{"embeddable":true,"href":"https:\/\/archive.sana.sy\/tr\/index.php?rest_route=\/wp\/v2\/users\/1"}],"replies":[{"embeddable":true,"href":"https:\/\/archive.sana.sy\/tr\/index.php?rest_route=%2Fwp%2Fv2%2Fcomments&post=203912"}],"version-history":[{"count":0,"href":"https:\/\/archive.sana.sy\/tr\/index.php?rest_route=\/wp\/v2\/posts\/203912\/revisions"}],"wp:featuredmedia":[{"embeddable":true,"href":"https:\/\/archive.sana.sy\/tr\/index.php?rest_route=\/wp\/v2\/media\/203913"}],"wp:attachment":[{"href":"https:\/\/archive.sana.sy\/tr\/index.php?rest_route=%2Fwp%2Fv2%2Fmedia&parent=203912"}],"wp:term":[{"taxonomy":"category","embeddable":true,"href":"https:\/\/archive.sana.sy\/tr\/index.php?rest_route=%2Fwp%2Fv2%2Fcategories&post=203912"},{"taxonomy":"post_tag","embeddable":true,"href":"https:\/\/archive.sana.sy\/tr\/index.php?rest_route=%2Fwp%2Fv2%2Ftags&post=203912"}],"curies":[{"name":"wp","href":"https:\/\/api.w.org\/{rel}","templated":true}]}}