{"id":203916,"date":"2020-02-29T21:00:41","date_gmt":"2020-02-29T19:00:41","guid":{"rendered":"http:\/\/www.sana.sy\/tr\/?p=203916"},"modified":"2020-03-01T12:55:05","modified_gmt":"2020-03-01T10:55:05","slug":"arastirmacilar-ve-halk-meclisi-uyeleri-erdogan-rejimi-bir-savas-sucudur","status":"publish","type":"post","link":"https:\/\/archive.sana.sy\/tr\/?p=203916","title":{"rendered":"Ara\u015ft\u0131rmac\u0131lar ve Halk Meclisi \u00dcyeleri: Erdo\u011fan Rejimi Bir Sava\u015f Su\u00e7udur"},"content":{"rendered":"<p>\u015eAM \u2013 bir say\u0131da Halk Meclisi \u00fcyeleri ve ara\u015ft\u0131rmac\u0131lar, T\u00fcrk Rejiminin dolay\u0131s\u0131z \u015fekilde ter\u00f6ristlere desteklemesi ve yan\u0131nda sava\u015fmas\u0131n\u0131n bir sava\u015f su\u00e7u oldu\u011funu ve ter\u00f6ristlerin yan\u0131nda sava\u015fmas\u0131n\u0131n bu ter\u00f6r \u00f6rg\u00fctlerin bir par\u00e7as\u0131 oldu\u011funun kan\u0131tlad\u0131\u011f\u0131na i\u015faret etti.<\/p>\n<p>SANA\u2019ya a\u00e7\u0131klamas\u0131nda Dr Mohamad Hay\u0131r Akkam, kanuni kavramda, T\u00fcrk g\u00fc\u00e7lerinin g\u00f6zetleme noktalar\u0131 d\u0131\u015far\u0131s\u0131nda bulunmas\u0131n\u0131n Su\u00e7i mutabakat\u0131na g\u00f6re bir i\u015fgal say\u0131ld\u0131\u011f\u0131n\u0131 belirtti. Bu halde T\u00fcrk rejimi kendi askerlerinin \u00f6l\u00fcm sorumlulu\u011funu \u00fcstlenmektedir.<\/p>\n<p>Akkam, Suriye\u2019de ter\u00f6ristlerin bulunmas\u0131n\u0131n sebebi ve her t\u00fcrl\u00fc uyruklu ter\u00f6risti s\u0131n\u0131rlar\u0131 \u00fczerinden Suriye\u2019ye sokan T\u00fcrk rejimi oldu\u011funa i\u015faret etti.<\/p>\n<p>Kendi y\u00f6n\u00fcnden Meclis \u00dcyesi Nizar Skeyf, T\u00fcrk askerlerin Ter\u00f6ristlerin saflar\u0131nda bulunmas\u0131n\u0131n, ter\u00f6ristlere a\u00e7\u0131k sa\u00e7\u0131k destek say\u0131ld\u0131\u011f\u0131n\u0131 ifade ederken Suriye Arap Ordusu\u2019nun Suriye Topraklar\u0131n\u0131 son zerreye kadar kurtaraca\u011f\u0131ndan emin olduklar\u0131na de\u011findi.<\/p>\n","protected":false},"excerpt":{"rendered":"<p>\u015eAM \u2013 bir say\u0131da Halk Meclisi \u00fcyeleri ve ara\u015ft\u0131rmac\u0131lar, T\u00fcrk Rejiminin dolay\u0131s\u0131z \u015fekilde ter\u00f6ristlere desteklemesi ve yan\u0131nda sava\u015fmas\u0131n\u0131n bir sava\u015f su\u00e7u oldu\u011funu ve ter\u00f6ristlerin yan\u0131nda sava\u015fmas\u0131n\u0131n bu ter\u00f6r \u00f6rg\u00fctlerin bir par\u00e7as\u0131 oldu\u011funun kan\u0131tlad\u0131\u011f\u0131na i\u015faret etti. SANA\u2019ya a\u00e7\u0131klamas\u0131nda Dr Mohamad Hay\u0131r Akkam, kanuni kavramda, T\u00fcrk g\u00fc\u00e7lerinin g\u00f6zetleme noktalar\u0131 d\u0131\u015far\u0131s\u0131nda bulunmas\u0131n\u0131n Su\u00e7i mutabakat\u0131na g\u00f6re bir i\u015fgal say\u0131ld\u0131\u011f\u0131n\u0131 &hellip;<\/p>\n","protected":false},"author":1,"featured_media":203917,"comment_status":"closed","ping_status":"closed","sticky":false,"template":"","format":"standard","meta":{"footnotes":""},"categories":[479,17988,2554,2555,478],"tags":[],"class_list":["post-203916","post","type-post","status-publish","format-standard","has-post-thumbnail","","category-haberler-yerel","category-son-haberler","category-suriye-ve-dunya","category-suriye-ve-turkiye","category-yerel"],"_links":{"self":[{"href":"https:\/\/archive.sana.sy\/tr\/index.php?rest_route=\/wp\/v2\/posts\/203916","targetHints":{"allow":["GET"]}}],"collection":[{"href":"https:\/\/archive.sana.sy\/tr\/index.php?rest_route=\/wp\/v2\/posts"}],"about":[{"href":"https:\/\/archive.sana.sy\/tr\/index.php?rest_route=\/wp\/v2\/types\/post"}],"author":[{"embeddable":true,"href":"https:\/\/archive.sana.sy\/tr\/index.php?rest_route=\/wp\/v2\/users\/1"}],"replies":[{"embeddable":true,"href":"https:\/\/archive.sana.sy\/tr\/index.php?rest_route=%2Fwp%2Fv2%2Fcomments&post=203916"}],"version-history":[{"count":0,"href":"https:\/\/archive.sana.sy\/tr\/index.php?rest_route=\/wp\/v2\/posts\/203916\/revisions"}],"wp:featuredmedia":[{"embeddable":true,"href":"https:\/\/archive.sana.sy\/tr\/index.php?rest_route=\/wp\/v2\/media\/203917"}],"wp:attachment":[{"href":"https:\/\/archive.sana.sy\/tr\/index.php?rest_route=%2Fwp%2Fv2%2Fmedia&parent=203916"}],"wp:term":[{"taxonomy":"category","embeddable":true,"href":"https:\/\/archive.sana.sy\/tr\/index.php?rest_route=%2Fwp%2Fv2%2Fcategories&post=203916"},{"taxonomy":"post_tag","embeddable":true,"href":"https:\/\/archive.sana.sy\/tr\/index.php?rest_route=%2Fwp%2Fv2%2Ftags&post=203916"}],"curies":[{"name":"wp","href":"https:\/\/api.w.org\/{rel}","templated":true}]}}