{"id":203919,"date":"2020-03-01T10:47:48","date_gmt":"2020-03-01T08:47:48","guid":{"rendered":"http:\/\/www.sana.sy\/tr\/?p=203919"},"modified":"2020-03-02T10:26:41","modified_gmt":"2020-03-02T08:26:41","slug":"ordu-birliklerimizi-idlib-kirsalinda-turk-rejimi-destekli-terorist-orgutlere-yonelik-operasyonlarini-surduruyor","status":"publish","type":"post","link":"https:\/\/archive.sana.sy\/tr\/?p=203919","title":{"rendered":"Ordu Birliklerimizi \u0130dlib K\u0131rsal\u0131nda T\u00fcrk rejimi Destekli Ter\u00f6rist \u00d6rg\u00fctlere Y\u00f6nelik Operasyonlar\u0131n\u0131 S\u00fcrd\u00fcr\u00fcyor"},"content":{"rendered":"<p>\u0130DL\u0130B \u2013 Suriye Arap Ordusundan birliklerimiz \u0130dlib k\u0131rsal\u0131 g\u00fcneyindeki Kfar Uveyd ve \u0130dlib k\u0131rsal\u0131 g\u00fcneydo\u011fusunda yer alan Serakib eksenlerinde i\u015fgalci T\u00fcrk kuvvetleri taraf\u0131ndan desteklenen ter\u00f6r gruplar\u0131na y\u00f6nelik operasyonlar\u0131n\u0131 s\u00fcrd\u00fcrd\u00fc.<\/p>\n<p>SANA muhabiri; \u0130dlib k\u0131rsal\u0131n\u0131n g\u00fcneyindeki Kfar uveyd eksininde \u00e7al\u0131\u015fan ordu birliklerimizin, \u0130dlib k\u0131rsal\u0131n\u0131n en g\u00fcneyindeki Kansafra ve Kastun b\u00f6lgeleri, T\u00fcrk rejiminin kuvvetleri taraf\u0131ndan ate\u015f deste\u011fi ile destekli Nusra Cephesiyle \u015fiddetli \u00e7at\u0131\u015fmalara girdi\u011fini belirtti.<\/p>\n<p>\u0130dlib k\u0131rsal\u0131n\u0131n g\u00fcneydo\u011fusundaki Sermin ve el Mastume beldelerini Birle\u015fmi\u015f Milletler ter\u00f6r \u00f6rg\u00fctleri listesinde yer alan Nusra Cephesi ve ona ba\u011fl\u0131 ter\u00f6ristlerin, T\u00fcrk rejim g\u00fc\u00e7lerinin \u0130HA ve ate\u015f deste\u011fi \u015femsiyesi alt\u0131nda, ordu birliklerimizin b\u00f6lgedeki noktalar\u0131na sald\u0131r\u0131 giri\u015fimlerinde bulunduklar\u0131n\u0131 belirtti.<\/p>\n<p>\u0130dlib k\u0131rsal\u0131n\u0131n g\u00fcneyindeki Serakib beldesi ekseninde ise, bat\u0131 eksenindeki ter\u00f6r gruplar\u0131n\u0131n odak noktalar\u0131na, tedarik hatlar\u0131na ve hareketlerine odaklanan ve T\u00fcrk rejimi kuvvetlerinden ald\u0131\u011f\u0131 ate\u015f deste\u011fine ra\u011fmen, ordu birliklerimizin do\u011fru yaralanmalara yol a\u00e7an f\u00fcze ve top\u00e7u ate\u015fi ile g\u00f6revlerini s\u00fcrd\u00fcr\u00fcyor.<\/p>\n<p>\u00c7eviri: M.Y. ve S.\u015e<\/p>\n","protected":false},"excerpt":{"rendered":"<p>\u0130DL\u0130B \u2013 Suriye Arap Ordusundan birliklerimiz \u0130dlib k\u0131rsal\u0131 g\u00fcneyindeki Kfar Uveyd ve \u0130dlib k\u0131rsal\u0131 g\u00fcneydo\u011fusunda yer alan Serakib eksenlerinde i\u015fgalci T\u00fcrk kuvvetleri taraf\u0131ndan desteklenen ter\u00f6r gruplar\u0131na y\u00f6nelik operasyonlar\u0131n\u0131 s\u00fcrd\u00fcrd\u00fc. SANA muhabiri; \u0130dlib k\u0131rsal\u0131n\u0131n g\u00fcneyindeki Kfar uveyd eksininde \u00e7al\u0131\u015fan ordu birliklerimizin, \u0130dlib k\u0131rsal\u0131n\u0131n en g\u00fcneyindeki Kansafra ve Kastun b\u00f6lgeleri, T\u00fcrk rejiminin kuvvetleri taraf\u0131ndan ate\u015f deste\u011fi ile &hellip;<\/p>\n","protected":false},"author":36,"featured_media":203920,"comment_status":"closed","ping_status":"closed","sticky":false,"template":"","format":"standard","meta":{"footnotes":""},"categories":[479,575,17988,2554,2555,478],"tags":[],"class_list":["post-203919","post","type-post","status-publish","format-standard","has-post-thumbnail","","category-haberler-yerel","category-olaylar-ve-gercekler","category-son-haberler","category-suriye-ve-dunya","category-suriye-ve-turkiye","category-yerel"],"_links":{"self":[{"href":"https:\/\/archive.sana.sy\/tr\/index.php?rest_route=\/wp\/v2\/posts\/203919","targetHints":{"allow":["GET"]}}],"collection":[{"href":"https:\/\/archive.sana.sy\/tr\/index.php?rest_route=\/wp\/v2\/posts"}],"about":[{"href":"https:\/\/archive.sana.sy\/tr\/index.php?rest_route=\/wp\/v2\/types\/post"}],"author":[{"embeddable":true,"href":"https:\/\/archive.sana.sy\/tr\/index.php?rest_route=\/wp\/v2\/users\/36"}],"replies":[{"embeddable":true,"href":"https:\/\/archive.sana.sy\/tr\/index.php?rest_route=%2Fwp%2Fv2%2Fcomments&post=203919"}],"version-history":[{"count":0,"href":"https:\/\/archive.sana.sy\/tr\/index.php?rest_route=\/wp\/v2\/posts\/203919\/revisions"}],"wp:featuredmedia":[{"embeddable":true,"href":"https:\/\/archive.sana.sy\/tr\/index.php?rest_route=\/wp\/v2\/media\/203920"}],"wp:attachment":[{"href":"https:\/\/archive.sana.sy\/tr\/index.php?rest_route=%2Fwp%2Fv2%2Fmedia&parent=203919"}],"wp:term":[{"taxonomy":"category","embeddable":true,"href":"https:\/\/archive.sana.sy\/tr\/index.php?rest_route=%2Fwp%2Fv2%2Fcategories&post=203919"},{"taxonomy":"post_tag","embeddable":true,"href":"https:\/\/archive.sana.sy\/tr\/index.php?rest_route=%2Fwp%2Fv2%2Ftags&post=203919"}],"curies":[{"name":"wp","href":"https:\/\/api.w.org\/{rel}","templated":true}]}}