{"id":203922,"date":"2020-03-01T19:40:13","date_gmt":"2020-03-01T17:40:13","guid":{"rendered":"http:\/\/www.sana.sy\/tr\/?p=203922"},"modified":"2020-04-05T10:45:15","modified_gmt":"2020-04-05T07:45:15","slug":"ordu-idlib-kirsalinda-turk-rejimine-ait-bir-iha-dusurdu","status":"publish","type":"post","link":"https:\/\/archive.sana.sy\/tr\/?p=203922","title":{"rendered":"Ordu \u0130dlib K\u0131rsal\u0131nda T\u00fcrk Rejimine Ait 3 \u0130HA D\u00fc\u015f\u00fcrd\u00fc (V\u0130DEO)"},"content":{"rendered":"<p style=\"text-align: justify;\">\u0130DL\u0130B \u2013 Suriye Arap Ordusu taraf\u0131ndan \u0130dlib b\u00f6lgesinde d\u00fc\u015f\u00fcr\u00fclen T\u00fcrk rejimine ait \u0130nsans\u0131z Hava Ara\u00e7lar\u0131n\u0131n say\u0131s\u0131 \u015fimdiye kadar 3&#8217;e y\u00fckseldi.<\/p>\n<p style=\"text-align: justify;\">SANA muhabiri, ordu birliklerimizi bug\u00fcn \u0130dlib b\u00f6lgesi \u00fczerinde T\u00fcrk rejimine tabi \u0130HA&#8217;lara kar\u015f\u0131l\u0131k verdi\u011fini ve 3&#8217;\u00fcn\u00fcn d\u00fc\u015f\u00fcr\u00fcld\u00fc\u011f\u00fcn\u00fc belirtti.<\/p>\n<p style=\"text-align: justify;\">Muhabir, Hava Savunma Sistemlerimizin bu ak\u015fam Hama ili semalar\u0131nda bir ka\u00e7 \u0130HA&#8217;ya kar\u015f\u0131 koydu\u011funa i\u015faret etti.<\/p>\n<p style=\"text-align: justify;\">Muhabir bug\u00fcn \u00f6\u011flen saatlerinde, Serakib eksenindeki operasyonlar\u0131nda Suriye Arap Ordusu birliklerinin T\u00fcrk rejimine ait bir \u0130HA&#8217;y\u0131 hedef ald\u0131\u011f\u0131n\u0131 ve d\u00fc\u015f\u00fcrd\u00fc\u011f\u00fcn\u00fc belirtmi\u015fti.<\/p>\n<p style=\"text-align: justify;\">Muhabir, T\u00fcrk rejiminin ter\u00f6rist \u00f6rg\u00fctlerine desteklemesi temel olarak geli\u015fmi\u015f dronlara dayand\u0131\u011f\u0131n\u0131 ve bunlarla ate\u015f isnad\u0131 sa\u011flad\u0131\u011f\u0131n\u0131 ayr\u0131ca ter\u00f6ristlerin sald\u0131r\u0131lar\u0131 i\u00e7in ke\u015fif ve y\u00f6nlendirme bilgileri sa\u011flad\u0131\u011f\u0131na dikkat \u00e7ekti.<\/p>\n<p style=\"text-align: justify;\"><iframe loading=\"lazy\" src=\"https:\/\/www.youtube.com\/embed\/QMbUzXGihrU\" width=\"620\" height=\"348\" frameborder=\"0\" allowfullscreen=\"allowfullscreen\"><\/iframe><\/p>\n","protected":false},"excerpt":{"rendered":"<p>\u0130DL\u0130B \u2013 Suriye Arap Ordusu taraf\u0131ndan \u0130dlib b\u00f6lgesinde d\u00fc\u015f\u00fcr\u00fclen T\u00fcrk rejimine ait \u0130nsans\u0131z Hava Ara\u00e7lar\u0131n\u0131n say\u0131s\u0131 \u015fimdiye kadar 3&#8217;e y\u00fckseldi. SANA muhabiri, ordu birliklerimizi bug\u00fcn \u0130dlib b\u00f6lgesi \u00fczerinde T\u00fcrk rejimine tabi \u0130HA&#8217;lara kar\u015f\u0131l\u0131k verdi\u011fini ve 3&#8217;\u00fcn\u00fcn d\u00fc\u015f\u00fcr\u00fcld\u00fc\u011f\u00fcn\u00fc belirtti. Muhabir, Hava Savunma Sistemlerimizin bu ak\u015fam Hama ili semalar\u0131nda bir ka\u00e7 \u0130HA&#8217;ya kar\u015f\u0131 koydu\u011funa i\u015faret etti. Muhabir &hellip;<\/p>\n","protected":false},"author":1,"featured_media":203923,"comment_status":"closed","ping_status":"closed","sticky":false,"template":"","format":"standard","meta":{"footnotes":""},"categories":[479,575,17988,2554,2555,478],"tags":[],"class_list":["post-203922","post","type-post","status-publish","format-standard","has-post-thumbnail","","category-haberler-yerel","category-olaylar-ve-gercekler","category-son-haberler","category-suriye-ve-dunya","category-suriye-ve-turkiye","category-yerel"],"_links":{"self":[{"href":"https:\/\/archive.sana.sy\/tr\/index.php?rest_route=\/wp\/v2\/posts\/203922","targetHints":{"allow":["GET"]}}],"collection":[{"href":"https:\/\/archive.sana.sy\/tr\/index.php?rest_route=\/wp\/v2\/posts"}],"about":[{"href":"https:\/\/archive.sana.sy\/tr\/index.php?rest_route=\/wp\/v2\/types\/post"}],"author":[{"embeddable":true,"href":"https:\/\/archive.sana.sy\/tr\/index.php?rest_route=\/wp\/v2\/users\/1"}],"replies":[{"embeddable":true,"href":"https:\/\/archive.sana.sy\/tr\/index.php?rest_route=%2Fwp%2Fv2%2Fcomments&post=203922"}],"version-history":[{"count":0,"href":"https:\/\/archive.sana.sy\/tr\/index.php?rest_route=\/wp\/v2\/posts\/203922\/revisions"}],"wp:featuredmedia":[{"embeddable":true,"href":"https:\/\/archive.sana.sy\/tr\/index.php?rest_route=\/wp\/v2\/media\/203923"}],"wp:attachment":[{"href":"https:\/\/archive.sana.sy\/tr\/index.php?rest_route=%2Fwp%2Fv2%2Fmedia&parent=203922"}],"wp:term":[{"taxonomy":"category","embeddable":true,"href":"https:\/\/archive.sana.sy\/tr\/index.php?rest_route=%2Fwp%2Fv2%2Fcategories&post=203922"},{"taxonomy":"post_tag","embeddable":true,"href":"https:\/\/archive.sana.sy\/tr\/index.php?rest_route=%2Fwp%2Fv2%2Ftags&post=203922"}],"curies":[{"name":"wp","href":"https:\/\/api.w.org\/{rel}","templated":true}]}}