{"id":203926,"date":"2020-03-01T14:30:46","date_gmt":"2020-03-01T12:30:46","guid":{"rendered":"http:\/\/www.sana.sy\/tr\/?p=203926"},"modified":"2020-04-05T10:44:58","modified_gmt":"2020-04-05T07:44:58","slug":"basta-idlib-olmak-uzere-kuzey-bolgesindeki-hava-sahasi-kapatildi-dusman-herhangi-ucak-vurulacak","status":"publish","type":"post","link":"https:\/\/archive.sana.sy\/tr\/?p=203926","title":{"rendered":"Ba\u015fta \u0130dlib Olmak \u00dczere Kuzey B\u00f6lgesindeki Hava Sahas\u0131 Kapat\u0131ld\u0131 Herhangi D\u00fc\u015fman U\u00e7ak Vurulacak"},"content":{"rendered":"<p>\u015eAM \u2013 Askeri kaynak, \u00f6zellikle \u0130dlib ili olmak \u00fczere Suriye&#8217;nin kuzeybat\u0131 b\u00f6lgesinde hava sahas\u0131n\u0131n kapat\u0131ld\u0131\u011f\u0131n\u0131 ilan ederek, hava saham\u0131z\u0131 ihlal edecek herhangi d\u00fc\u015fman u\u00e7a\u011f\u0131n d\u00fc\u015f\u00fcr\u00fclmesi gerekti\u011fini ve d\u00fc\u015fmanca hedeflerini sa\u011flamaktan men edilece\u011fini ifade etti.<\/p>\n<p>Askeri kaynak SANA&#8217;ya a\u00e7\u0131klamas\u0131nda, &#8220;T\u00fcrk rejim kuvvetleri \u0130dlib ili ve \u00e7evresinde gerek do\u011frudan ter\u00f6ristlerle \u00e7arp\u0131\u015fan askerlerimizin mevkilerini hedef almas\u0131 gerekse uluslararas\u0131 kanun gere\u011fince ter\u00f6r listesinde yer alan silahl\u0131 ter\u00f6rist \u00f6rg\u00fctlere t\u00fcm destek \u015fekillerini sunmas\u0131 kanal\u0131yla, silahl\u0131 kuvvetlerimize kar\u015f\u0131 d\u00fc\u015fmanca operasyonlar\u0131n\u0131 s\u00fcrd\u00fcrd\u00fc\u011f\u00fcn\u00fc&#8221; belirtti.<\/p>\n<p>Kaynak, s\u00f6z konusu tekrarlana gelen d\u00fc\u015fman T\u00fcrk sald\u0131r\u0131lar\u0131n\u0131n, ter\u00f6ristleri Suriye Arap Ordusunun darbelerinden koruyamayaca\u011f\u0131n\u0131 ve bu ad\u0131mlar\u0131n T\u00fcrk rejiminin aralar\u0131nda So\u00e7i ittifak\u0131n\u0131n bulundu\u011fu eski t\u00fcm ittifaklardan s\u0131yr\u0131ld\u0131\u011f\u0131n\u0131n bir kan\u0131t\u0131 oldu\u011funa dikkat \u00e7ekti.<\/p>\n<p>Kaynak, Suriye Arap Ordusunun devletin egemenli\u011fini savunma, g\u00fcvenli\u011fi ve toprak birli\u011fini korumada anayasal ve vatani g\u00f6revlerine ba\u011fl\u0131l\u0131\u011f\u0131ndan hareketle, Ordu ve Silahl\u0131 Kuvvetler Genel Komutanl\u0131\u011f\u0131n\u0131n Suriye hava sahas\u0131n\u0131 u\u00e7ak seferlerine, \u00f6zellikle \u0130dlib olmak \u00fczere kuzeybat\u0131 b\u00f6lgesi \u00fczerinde \u0130HA&#8217;lara kapat\u0131ld\u0131\u011f\u0131n\u0131 belirterek, hava saham\u0131z\u0131 ihlal edecek herhangi bir d\u00fc\u015fman u\u00e7a\u011f\u0131n\u0131n d\u00fc\u015f\u00fcr\u00fclmesi gereken ve d\u00fc\u015fmanca hedeflerini yerine getirmekten men edilmesi gereken bir d\u00fc\u015fman u\u00e7ak say\u0131laca\u011f\u0131n\u0131 vurgulad\u0131.<\/p>\n","protected":false},"excerpt":{"rendered":"<p>\u015eAM \u2013 Askeri kaynak, \u00f6zellikle \u0130dlib ili olmak \u00fczere Suriye&#8217;nin kuzeybat\u0131 b\u00f6lgesinde hava sahas\u0131n\u0131n kapat\u0131ld\u0131\u011f\u0131n\u0131 ilan ederek, hava saham\u0131z\u0131 ihlal edecek herhangi d\u00fc\u015fman u\u00e7a\u011f\u0131n d\u00fc\u015f\u00fcr\u00fclmesi gerekti\u011fini ve d\u00fc\u015fmanca hedeflerini sa\u011flamaktan men edilece\u011fini ifade etti. Askeri kaynak SANA&#8217;ya a\u00e7\u0131klamas\u0131nda, &#8220;T\u00fcrk rejim kuvvetleri \u0130dlib ili ve \u00e7evresinde gerek do\u011frudan ter\u00f6ristlerle \u00e7arp\u0131\u015fan askerlerimizin mevkilerini hedef almas\u0131 gerekse uluslararas\u0131 &hellip;<\/p>\n","protected":false},"author":1,"featured_media":203955,"comment_status":"closed","ping_status":"closed","sticky":false,"template":"","format":"standard","meta":{"footnotes":""},"categories":[479,575,17988,478],"tags":[],"class_list":["post-203926","post","type-post","status-publish","format-standard","has-post-thumbnail","","category-haberler-yerel","category-olaylar-ve-gercekler","category-son-haberler","category-yerel"],"_links":{"self":[{"href":"https:\/\/archive.sana.sy\/tr\/index.php?rest_route=\/wp\/v2\/posts\/203926","targetHints":{"allow":["GET"]}}],"collection":[{"href":"https:\/\/archive.sana.sy\/tr\/index.php?rest_route=\/wp\/v2\/posts"}],"about":[{"href":"https:\/\/archive.sana.sy\/tr\/index.php?rest_route=\/wp\/v2\/types\/post"}],"author":[{"embeddable":true,"href":"https:\/\/archive.sana.sy\/tr\/index.php?rest_route=\/wp\/v2\/users\/1"}],"replies":[{"embeddable":true,"href":"https:\/\/archive.sana.sy\/tr\/index.php?rest_route=%2Fwp%2Fv2%2Fcomments&post=203926"}],"version-history":[{"count":0,"href":"https:\/\/archive.sana.sy\/tr\/index.php?rest_route=\/wp\/v2\/posts\/203926\/revisions"}],"wp:featuredmedia":[{"embeddable":true,"href":"https:\/\/archive.sana.sy\/tr\/index.php?rest_route=\/wp\/v2\/media\/203955"}],"wp:attachment":[{"href":"https:\/\/archive.sana.sy\/tr\/index.php?rest_route=%2Fwp%2Fv2%2Fmedia&parent=203926"}],"wp:term":[{"taxonomy":"category","embeddable":true,"href":"https:\/\/archive.sana.sy\/tr\/index.php?rest_route=%2Fwp%2Fv2%2Fcategories&post=203926"},{"taxonomy":"post_tag","embeddable":true,"href":"https:\/\/archive.sana.sy\/tr\/index.php?rest_route=%2Fwp%2Fv2%2Ftags&post=203926"}],"curies":[{"name":"wp","href":"https:\/\/api.w.org\/{rel}","templated":true}]}}