{"id":203931,"date":"2020-03-01T11:15:25","date_gmt":"2020-03-01T09:15:25","guid":{"rendered":"http:\/\/www.sana.sy\/tr\/?p=203931"},"modified":"2020-04-05T10:44:22","modified_gmt":"2020-04-05T07:44:22","slug":"isgalci-turk-kiraliklari-tarafindan-bir-hafta-kesilmesi-ardindan-haseke-iline-icme-suyu-pompalanmaya-baslandi","status":"publish","type":"post","link":"https:\/\/archive.sana.sy\/tr\/?p=203931","title":{"rendered":"\u0130\u015fgalci T\u00fcrk Kiral\u0131klar\u0131 Taraf\u0131ndan Bir Hafta Kesilmesi Ard\u0131ndan Haseke \u0130line \u0130\u00e7me Suyu Pompalanmaya Ba\u015fland\u0131"},"content":{"rendered":"<p>HASEKE &#8211; Haseke \u0130li \u0130\u00e7me Suyu Genel Kurumu, i\u015fgalci T\u00fcrk kiral\u0131klar\u0131n\u0131n, kurum i\u015f\u00e7ilerini Rasul Ayn k\u0131rsal\u0131ndaki Alluk su istasyonuna girmesini engellemeleri nedeniyle bu sabah bir haftay\u0131 ge\u00e7en kesilme ard\u0131ndan Haseke \u015fehrine su pompalanmaya ba\u015fland\u0131.<\/p>\n<p>Kurum Genel M\u00fcd\u00fcr\u00fc M\u00fchendis Mahmud el Akle SANA muhabirine a\u00e7\u0131klamas\u0131nda, Tel Temr b\u00f6lgesindeki toplama tanklar\u0131ndan Haseke \u015fehrindeki El Ne\u015fve semtine do\u011fru su pompalama s\u00fcrecinin acil bir \u015fekilde ger\u00e7ekle\u015ftirildi\u011fini belirterek, su depolar\u0131n\u0131n tekrar dolduruluncaya kadar \u015fehre ve \u00e7evre mahallelere su pompalamaya devam edeceklerini s\u00f6yledi.<\/p>\n","protected":false},"excerpt":{"rendered":"<p>HASEKE &#8211; Haseke \u0130li \u0130\u00e7me Suyu Genel Kurumu, i\u015fgalci T\u00fcrk kiral\u0131klar\u0131n\u0131n, kurum i\u015f\u00e7ilerini Rasul Ayn k\u0131rsal\u0131ndaki Alluk su istasyonuna girmesini engellemeleri nedeniyle bu sabah bir haftay\u0131 ge\u00e7en kesilme ard\u0131ndan Haseke \u015fehrine su pompalanmaya ba\u015fland\u0131. Kurum Genel M\u00fcd\u00fcr\u00fc M\u00fchendis Mahmud el Akle SANA muhabirine a\u00e7\u0131klamas\u0131nda, Tel Temr b\u00f6lgesindeki toplama tanklar\u0131ndan Haseke \u015fehrindeki El Ne\u015fve semtine do\u011fru &hellip;<\/p>\n","protected":false},"author":1,"featured_media":203932,"comment_status":"closed","ping_status":"closed","sticky":false,"template":"","format":"standard","meta":{"footnotes":""},"categories":[479,575,17988,2554,2555,478],"tags":[],"class_list":["post-203931","post","type-post","status-publish","format-standard","has-post-thumbnail","","category-haberler-yerel","category-olaylar-ve-gercekler","category-son-haberler","category-suriye-ve-dunya","category-suriye-ve-turkiye","category-yerel"],"_links":{"self":[{"href":"https:\/\/archive.sana.sy\/tr\/index.php?rest_route=\/wp\/v2\/posts\/203931","targetHints":{"allow":["GET"]}}],"collection":[{"href":"https:\/\/archive.sana.sy\/tr\/index.php?rest_route=\/wp\/v2\/posts"}],"about":[{"href":"https:\/\/archive.sana.sy\/tr\/index.php?rest_route=\/wp\/v2\/types\/post"}],"author":[{"embeddable":true,"href":"https:\/\/archive.sana.sy\/tr\/index.php?rest_route=\/wp\/v2\/users\/1"}],"replies":[{"embeddable":true,"href":"https:\/\/archive.sana.sy\/tr\/index.php?rest_route=%2Fwp%2Fv2%2Fcomments&post=203931"}],"version-history":[{"count":0,"href":"https:\/\/archive.sana.sy\/tr\/index.php?rest_route=\/wp\/v2\/posts\/203931\/revisions"}],"wp:featuredmedia":[{"embeddable":true,"href":"https:\/\/archive.sana.sy\/tr\/index.php?rest_route=\/wp\/v2\/media\/203932"}],"wp:attachment":[{"href":"https:\/\/archive.sana.sy\/tr\/index.php?rest_route=%2Fwp%2Fv2%2Fmedia&parent=203931"}],"wp:term":[{"taxonomy":"category","embeddable":true,"href":"https:\/\/archive.sana.sy\/tr\/index.php?rest_route=%2Fwp%2Fv2%2Fcategories&post=203931"},{"taxonomy":"post_tag","embeddable":true,"href":"https:\/\/archive.sana.sy\/tr\/index.php?rest_route=%2Fwp%2Fv2%2Ftags&post=203931"}],"curies":[{"name":"wp","href":"https:\/\/api.w.org\/{rel}","templated":true}]}}