{"id":203940,"date":"2020-03-01T14:15:15","date_gmt":"2020-03-01T12:15:15","guid":{"rendered":"http:\/\/www.sana.sy\/tr\/?p=203940"},"modified":"2020-04-05T10:44:46","modified_gmt":"2020-04-05T07:44:46","slug":"suriye-ve-libya-diplomatik-heyet-merkezlerini-yeniden-acma-ve-uluslararasi-platformlarda-iki-ulkenin-tutumlarini-koordine-etme-hakkinda-mutabakat-zapti-imzaladi","status":"publish","type":"post","link":"https:\/\/archive.sana.sy\/tr\/?p=203940","title":{"rendered":"Suriye &#8211; Libya Diplomatik \u0130li\u015fkilerin Aktifle\u015ftirmesi ve Uluslararas\u0131 Platformlarda Tutumu Koordine Etmesinin Mutabakat\u0131 \u0130mzaland\u0131 (V\u0130DEO)"},"content":{"rendered":"<p>\u015eAM &#8211; Ba\u015fbakan Yard\u0131mc\u0131s\u0131 ve D\u0131\u015fi\u015fleri ve Gurbet\u00e7iler Bakan\u0131 Velid Muallim bu sabah Libya Ba\u015fbakan Yard\u0131mc\u0131s\u0131 Abdul Rahman El Ahiri\u015f ve Libya h\u00fck\u00fcmetinde D\u0131\u015fi\u015fleri ve Uluslararas\u0131 \u0130\u015fbirli\u011fi Bakan\u0131 Dr. Abdulhadi El Hawaic ba\u015fkanl\u0131\u011f\u0131nda Libya resmi heyetini kabul etti.<\/p>\n<p><a href=\"http:\/\/www.sana.sy\/tr\/wp-content\/uploads\/2020\/03\/7-1-1.jpg\"><img loading=\"lazy\" decoding=\"async\" class=\"alignright size-medium wp-image-203947\" src=\"http:\/\/www.sana.sy\/tr\/wp-content\/uploads\/2020\/03\/7-1-1-300x171.jpg\" alt=\"\" width=\"300\" height=\"171\" srcset=\"https:\/\/archive.sana.sy\/tr\/wp-content\/uploads\/2020\/03\/7-1-1-300x171.jpg 300w, https:\/\/archive.sana.sy\/tr\/wp-content\/uploads\/2020\/03\/7-1-1-150x85.jpg 150w, https:\/\/archive.sana.sy\/tr\/wp-content\/uploads\/2020\/03\/7-1-1.jpg 660w\" sizes=\"auto, (max-width: 300px) 100vw, 300px\" \/><\/a>G\u00f6r\u00fc\u015fmede iki \u00fclke aras\u0131ndaki ikili ili\u015fkiler ve iki karde\u015f halk\u0131n \u00f6zlemleri ve aralar\u0131ndaki tarihsel ili\u015fkilerle, \u00f6zellikle de her iki \u00fclkenin egemenlik ve d\u0131\u015f m\u00fcdahalelerde ba\u011f\u0131ms\u0131zl\u0131\u011f\u0131 konusundaki a\u00e7\u0131k T\u00fcrk sald\u0131rganl\u0131\u011f\u0131 ile orant\u0131l\u0131 olarak \u00e7e\u015fitli koordinasyonlarda onlar\u0131 yeniden etkinle\u015ftirme yollar\u0131 ele al\u0131nd\u0131.<\/p>\n<p>D\u0131\u015fi\u015fleri ve Gurbet\u00e7iler Bakan\u0131, Suriye&#8217;nin Libya&#8217;daki karde\u015flerle ili\u015fkilerine verdi\u011fi b\u00fcy\u00fck \u00f6nemi vurgulayarak, T\u00fcrkiye&#8217;nin iki karde\u015f \u00fclkeye kar\u015f\u0131 sald\u0131rganl\u0131\u011f\u0131 ve bunun egemenliklerinin yan\u0131 s\u0131ra Arap ulusal g\u00fcvenli\u011fi i\u00e7in yaratt\u0131\u011f\u0131 tehlike olan d\u0131\u015f emelleri \u00f6ne \u00e7\u0131karken, bu ili\u015fkinin Suriyelilerin kalbinde \u00f6zel bir yeri oldu\u011funu, iki \u00fclkenin kar\u015f\u0131 kar\u015f\u0131ya oldu\u011fu ko\u015fullar\u0131n ve zorluklar\u0131n bug\u00fcn bu ili\u015fkilerin her zamankinden daha iyi olmas\u0131n\u0131 gerektirdi\u011finin kan\u0131t\u0131 oldu\u011funu vurgulad\u0131.<\/p>\n<p>Bakan Muallim, ba\u015fta T\u00fcrk rejimi olmak \u00fczere d\u0131\u015f mihraklar taraf\u0131ndan desteklenen ter\u00f6rizmle m\u00fccadeleyi ele al\u0131rken, Suriye&#8217;nin t\u00fcm topraklar\u0131 \u00fczerinde g\u00fcven ve bar\u0131\u015f\u0131n sa\u011flanana ve Suriye&#8217;nin egemenli\u011fini ihlal eden, Suriye halk\u0131n\u0131n do\u011fal kaynaklar\u0131n\u0131 gasp eden, Suriye&#8217;nin egemenli\u011fi, istiklali ve toprak birli\u011fini tehdit eden politikalar dayatan illegal yabanc\u0131 kuvvetlerin \u00e7\u0131kana dek ter\u00f6rle m\u00fccadele edece\u011fini vurgulayarak, ter\u00f6rizmle m\u00fccadele alan\u0131nda iki \u00fclke aras\u0131ndaki koordinasyonun \u00f6nemine dikkat \u00e7ekti.<\/p>\n<p><a href=\"http:\/\/www.sana.sy\/tr\/wp-content\/uploads\/2020\/03\/8-2-660x330-1.jpg\"><img loading=\"lazy\" decoding=\"async\" class=\"alignright size-medium wp-image-203941\" src=\"http:\/\/www.sana.sy\/tr\/wp-content\/uploads\/2020\/03\/8-2-660x330-1-300x150.jpg\" alt=\"\" width=\"300\" height=\"150\" srcset=\"https:\/\/archive.sana.sy\/tr\/wp-content\/uploads\/2020\/03\/8-2-660x330-1-300x150.jpg 300w, https:\/\/archive.sana.sy\/tr\/wp-content\/uploads\/2020\/03\/8-2-660x330-1-150x75.jpg 150w, https:\/\/archive.sana.sy\/tr\/wp-content\/uploads\/2020\/03\/8-2-660x330-1.jpg 660w\" sizes=\"auto, (max-width: 300px) 100vw, 300px\" \/><\/a>Buna kar\u015f\u0131l\u0131k, Libya heyeti Bakan Muallim&#8217;e Libya halk\u0131n\u0131n, ter\u00f6rizmle m\u00fccadelesinde Suriye&#8217;nin kaydetti\u011fi ilerlemeyi, T\u00fcrkiye ve di\u011ferlerinin destekledi\u011fi ter\u00f6rist gruplara kar\u015f\u0131 koymada elde edilen zaferleri \u00f6vd\u00fc\u011f\u00fcn\u00fc, Suriye halk\u0131, ordusu ve y\u00f6netiminin g\u00fcc\u00fc sayesinde Suriye topraklar\u0131n\u0131n b\u00fcy\u00fck b\u00f6l\u00fcm\u00fcnde g\u00fcven ve huzuru sa\u011flamalar\u0131nda dolay\u0131 takdirlerini dile getirdi.<\/p>\n<p>Libya heyeti ayr\u0131ca Libya&#8217;daki durum geli\u015fmelerini de sunarak, \u00f6zellikle oraya y\u00f6nelik T\u00fcrk tamahkarl\u0131\u011f\u0131 ile T\u00fcrkiye&#8217;nin Libya&#8217;ya binlerce paral\u0131 asker g\u00f6nderdi\u011fini, Libya&#8217;n\u0131n birlik ve g\u00fcvenli\u011fini zay\u0131flatmaya \u00e7al\u0131\u015ft\u0131\u011f\u0131n\u0131 belirterek, Libyal\u0131lar\u0131n bu m\u00fcdahalelere ve tamahkarl\u0131\u011fa kar\u015f\u0131 g\u00fcven ve huzurun sa\u011flanana dek kar\u015f\u0131 koyaca\u011f\u0131n\u0131 vurgulad\u0131.<\/p>\n<p>Toplant\u0131 ard\u0131ndan, Suriye D\u0131\u015fi\u015fleri ve Gurbet\u00e7iler Bakanl\u0131\u011f\u0131 ile Libya D\u0131\u015fi\u015fleri ve Uluslararas\u0131 \u0130\u015fbirli\u011fi Bakanl\u0131\u011f\u0131 aras\u0131nda, \u00f6zellikle iki \u00fclkedeki diplomatik ve konsolosluk misyon merkezlerinin yeniden a\u00e7\u0131lmas\u0131 ve T\u00fcrkiye&#8217;nin her iki \u00fclkeye y\u00f6nelik sald\u0131rganl\u0131k ve m\u00fcdahalesine kar\u015f\u0131 koyma ve geni\u015flemeci politikalar\u0131n\u0131n a\u00e7\u0131\u011fa \u00e7\u0131kar\u0131lmas\u0131na y\u00f6nelik olarak, iki \u00fclkenin uluslararas\u0131 ve b\u00f6lgesel platformlardaki konumlar\u0131n\u0131n koordinasyonu konusunda bir mutabakat zapt\u0131 imzaland\u0131. Toplant\u0131ya D\u0131\u015fi\u015fleri ve Gurbet\u00e7iler Bakan\u0131 Yard\u0131mc\u0131s\u0131 Dr. Faysal Mikdat, Arap D\u00fcnyas\u0131 B\u00f6l\u00fcm\u00fc Direkt\u00f6r\u00fc Milad Atiyye, D\u0131\u015fi\u015fleri ve Gurbet\u00e7iler Bakanl\u0131\u011f\u0131 \u00d6zel Ofis \u0130daresi M\u00fcd\u00fcr\u00fc Muhammed El Umrani kat\u0131ld\u0131.<\/p>\n<p style=\"text-align: center;\"><iframe loading=\"lazy\" src=\"https:\/\/www.youtube.com\/embed\/E3Oj781BmY4\" width=\"620\" height=\"348\" frameborder=\"0\" allowfullscreen=\"allowfullscreen\"><\/iframe><\/p>\n<div id='gallery-1' class='gallery galleryid-203940 gallery-columns-1 gallery-size-full'><figure class='gallery-item'>\n\t\t\t<div class='gallery-icon landscape'>\n\t\t\t\t<a href='https:\/\/archive.sana.sy\/tr\/wp-content\/uploads\/2020\/03\/8-3-1.jpg'><img loading=\"lazy\" decoding=\"async\" width=\"673\" height=\"370\" src=\"https:\/\/archive.sana.sy\/tr\/wp-content\/uploads\/2020\/03\/8-3-1.jpg\" class=\"attachment-full size-full\" alt=\"\" srcset=\"https:\/\/archive.sana.sy\/tr\/wp-content\/uploads\/2020\/03\/8-3-1.jpg 673w, https:\/\/archive.sana.sy\/tr\/wp-content\/uploads\/2020\/03\/8-3-1-300x165.jpg 300w, https:\/\/archive.sana.sy\/tr\/wp-content\/uploads\/2020\/03\/8-3-1-150x82.jpg 150w\" sizes=\"auto, (max-width: 673px) 100vw, 673px\" \/><\/a>\n\t\t\t<\/div><\/figure><figure class='gallery-item'>\n\t\t\t<div class='gallery-icon landscape'>\n\t\t\t\t<a href='https:\/\/archive.sana.sy\/tr\/wp-content\/uploads\/2020\/03\/5-2.jpg'><img loading=\"lazy\" decoding=\"async\" width=\"660\" height=\"370\" src=\"https:\/\/archive.sana.sy\/tr\/wp-content\/uploads\/2020\/03\/5-2.jpg\" class=\"attachment-full size-full\" alt=\"\" srcset=\"https:\/\/archive.sana.sy\/tr\/wp-content\/uploads\/2020\/03\/5-2.jpg 660w, https:\/\/archive.sana.sy\/tr\/wp-content\/uploads\/2020\/03\/5-2-300x168.jpg 300w, https:\/\/archive.sana.sy\/tr\/wp-content\/uploads\/2020\/03\/5-2-150x84.jpg 150w\" sizes=\"auto, (max-width: 660px) 100vw, 660px\" \/><\/a>\n\t\t\t<\/div><\/figure>\n\t\t<\/div>\n\n","protected":false},"excerpt":{"rendered":"<p>\u015eAM &#8211; Ba\u015fbakan Yard\u0131mc\u0131s\u0131 ve D\u0131\u015fi\u015fleri ve Gurbet\u00e7iler Bakan\u0131 Velid Muallim bu sabah Libya Ba\u015fbakan Yard\u0131mc\u0131s\u0131 Abdul Rahman El Ahiri\u015f ve Libya h\u00fck\u00fcmetinde D\u0131\u015fi\u015fleri ve Uluslararas\u0131 \u0130\u015fbirli\u011fi Bakan\u0131 Dr. Abdulhadi El Hawaic ba\u015fkanl\u0131\u011f\u0131nda Libya resmi heyetini kabul etti. G\u00f6r\u00fc\u015fmede iki \u00fclke aras\u0131ndaki ikili ili\u015fkiler ve iki karde\u015f halk\u0131n \u00f6zlemleri ve aralar\u0131ndaki tarihsel ili\u015fkilerle, \u00f6zellikle de &hellip;<\/p>\n","protected":false},"author":1,"featured_media":203945,"comment_status":"closed","ping_status":"closed","sticky":false,"template":"","format":"standard","meta":{"footnotes":""},"categories":[596,479,17988,478],"tags":[],"class_list":["post-203940","post","type-post","status-publish","format-standard","has-post-thumbnail","","category-fotografli-raporlar","category-haberler-yerel","category-son-haberler","category-yerel"],"_links":{"self":[{"href":"https:\/\/archive.sana.sy\/tr\/index.php?rest_route=\/wp\/v2\/posts\/203940","targetHints":{"allow":["GET"]}}],"collection":[{"href":"https:\/\/archive.sana.sy\/tr\/index.php?rest_route=\/wp\/v2\/posts"}],"about":[{"href":"https:\/\/archive.sana.sy\/tr\/index.php?rest_route=\/wp\/v2\/types\/post"}],"author":[{"embeddable":true,"href":"https:\/\/archive.sana.sy\/tr\/index.php?rest_route=\/wp\/v2\/users\/1"}],"replies":[{"embeddable":true,"href":"https:\/\/archive.sana.sy\/tr\/index.php?rest_route=%2Fwp%2Fv2%2Fcomments&post=203940"}],"version-history":[{"count":0,"href":"https:\/\/archive.sana.sy\/tr\/index.php?rest_route=\/wp\/v2\/posts\/203940\/revisions"}],"wp:featuredmedia":[{"embeddable":true,"href":"https:\/\/archive.sana.sy\/tr\/index.php?rest_route=\/wp\/v2\/media\/203945"}],"wp:attachment":[{"href":"https:\/\/archive.sana.sy\/tr\/index.php?rest_route=%2Fwp%2Fv2%2Fmedia&parent=203940"}],"wp:term":[{"taxonomy":"category","embeddable":true,"href":"https:\/\/archive.sana.sy\/tr\/index.php?rest_route=%2Fwp%2Fv2%2Fcategories&post=203940"},{"taxonomy":"post_tag","embeddable":true,"href":"https:\/\/archive.sana.sy\/tr\/index.php?rest_route=%2Fwp%2Fv2%2Ftags&post=203940"}],"curies":[{"name":"wp","href":"https:\/\/api.w.org\/{rel}","templated":true}]}}