{"id":203952,"date":"2020-03-01T18:56:26","date_gmt":"2020-03-01T16:56:26","guid":{"rendered":"http:\/\/www.sana.sy\/tr\/?p=203952"},"modified":"2020-03-02T16:11:09","modified_gmt":"2020-03-02T14:11:09","slug":"turk-rejim-ucaklari-idlib-bolgesinde-iki-suriye-ucagini-hedef-aldi-pilotlar-sag","status":"publish","type":"post","link":"https:\/\/archive.sana.sy\/tr\/?p=203952","title":{"rendered":"T\u00fcrk Rejim U\u00e7aklar\u0131 \u0130dlib B\u00f6lgesinde \u0130ki Suriye U\u00e7a\u011f\u0131n\u0131 Hedef Ald\u0131.. Pilotlar Sa\u011f"},"content":{"rendered":"<p style=\"text-align: justify;\">\u0130DL\u0130B \u2013 \u0130dlib b\u00f6lgesinde ter\u00f6rist \u00f6rg\u00fctlerin mevkilerine y\u00f6nelik g\u00f6revini uygulad\u0131\u011f\u0131 esnada iki Suriyeli u\u00e7ak ter\u00f6rist T\u00fcrk rejimi u\u00e7aklar\u0131 taraf\u0131ndan hedef al\u0131nd\u0131 pilotlarla para\u015f\u00fctlerle sa\u011f salim indi.<\/p>\n<p style=\"text-align: justify;\">Askeri kaynak SANA&#8217;ya a\u00e7\u0131klamas\u0131nda, bug\u00fcn saat 13:25&#8217;te iki Suriyeli u\u00e7a\u011f\u0131n \u0130dlib b\u00f6lgesinde silahl\u0131 ter\u00f6rist \u00f6rg\u00fctlere y\u00f6nelik d\u00fczenledikleri g\u00f6rev esnas\u0131nda T\u00fcrk sava\u015f u\u00e7aklar\u0131 s\u00f6z konusu iki u\u00e7a\u011f\u0131 hedef ald\u0131klar\u0131n\u0131 ve Suriye topraklar\u0131 \u00fczerinde d\u00fc\u015f\u00fcrd\u00fcklerini pilotlar\u0131n da para\u015f\u00fctlerle sa\u011f salim yere indiklerini belirtti.<\/p>\n<p style=\"text-align: justify;\">Suriye Arap Ordu birlikleri bug\u00fcn \u0130dlib&#8217;in g\u00fcneydo\u011fu k\u0131rsal\u0131 Serakib eksenindeki silahl\u0131 ter\u00f6r \u00f6rg\u00fctlerine y\u00f6nelik operasyonlar\u0131 esnas\u0131nda T\u00fcrk rejimine ba\u011fl\u0131 bir \u0130HA&#8217;y\u0131 d\u00fc\u015f\u00fcrm\u00fc\u015flerdi.<\/p>\n","protected":false},"excerpt":{"rendered":"<p>\u0130DL\u0130B \u2013 \u0130dlib b\u00f6lgesinde ter\u00f6rist \u00f6rg\u00fctlerin mevkilerine y\u00f6nelik g\u00f6revini uygulad\u0131\u011f\u0131 esnada iki Suriyeli u\u00e7ak ter\u00f6rist T\u00fcrk rejimi u\u00e7aklar\u0131 taraf\u0131ndan hedef al\u0131nd\u0131 pilotlarla para\u015f\u00fctlerle sa\u011f salim indi. Askeri kaynak SANA&#8217;ya a\u00e7\u0131klamas\u0131nda, bug\u00fcn saat 13:25&#8217;te iki Suriyeli u\u00e7a\u011f\u0131n \u0130dlib b\u00f6lgesinde silahl\u0131 ter\u00f6rist \u00f6rg\u00fctlere y\u00f6nelik d\u00fczenledikleri g\u00f6rev esnas\u0131nda T\u00fcrk sava\u015f u\u00e7aklar\u0131 s\u00f6z konusu iki u\u00e7a\u011f\u0131 hedef ald\u0131klar\u0131n\u0131 ve &hellip;<\/p>\n","protected":false},"author":1,"featured_media":203953,"comment_status":"closed","ping_status":"closed","sticky":false,"template":"","format":"standard","meta":{"footnotes":""},"categories":[479,575,17988,478],"tags":[],"class_list":["post-203952","post","type-post","status-publish","format-standard","has-post-thumbnail","","category-haberler-yerel","category-olaylar-ve-gercekler","category-son-haberler","category-yerel"],"_links":{"self":[{"href":"https:\/\/archive.sana.sy\/tr\/index.php?rest_route=\/wp\/v2\/posts\/203952","targetHints":{"allow":["GET"]}}],"collection":[{"href":"https:\/\/archive.sana.sy\/tr\/index.php?rest_route=\/wp\/v2\/posts"}],"about":[{"href":"https:\/\/archive.sana.sy\/tr\/index.php?rest_route=\/wp\/v2\/types\/post"}],"author":[{"embeddable":true,"href":"https:\/\/archive.sana.sy\/tr\/index.php?rest_route=\/wp\/v2\/users\/1"}],"replies":[{"embeddable":true,"href":"https:\/\/archive.sana.sy\/tr\/index.php?rest_route=%2Fwp%2Fv2%2Fcomments&post=203952"}],"version-history":[{"count":0,"href":"https:\/\/archive.sana.sy\/tr\/index.php?rest_route=\/wp\/v2\/posts\/203952\/revisions"}],"wp:featuredmedia":[{"embeddable":true,"href":"https:\/\/archive.sana.sy\/tr\/index.php?rest_route=\/wp\/v2\/media\/203953"}],"wp:attachment":[{"href":"https:\/\/archive.sana.sy\/tr\/index.php?rest_route=%2Fwp%2Fv2%2Fmedia&parent=203952"}],"wp:term":[{"taxonomy":"category","embeddable":true,"href":"https:\/\/archive.sana.sy\/tr\/index.php?rest_route=%2Fwp%2Fv2%2Fcategories&post=203952"},{"taxonomy":"post_tag","embeddable":true,"href":"https:\/\/archive.sana.sy\/tr\/index.php?rest_route=%2Fwp%2Fv2%2Ftags&post=203952"}],"curies":[{"name":"wp","href":"https:\/\/api.w.org\/{rel}","templated":true}]}}