{"id":203964,"date":"2020-03-01T20:41:18","date_gmt":"2020-03-01T18:41:18","guid":{"rendered":"http:\/\/www.sana.sy\/tr\/?p=203964"},"modified":"2020-03-02T16:11:25","modified_gmt":"2020-03-02T14:11:25","slug":"fadlullah-suriye-teror-projesi-karsisinda-onur-savasini-veriyor","status":"publish","type":"post","link":"https:\/\/archive.sana.sy\/tr\/?p=203964","title":{"rendered":"Fadlullah : Suriye Ter\u00f6r Projesi Kar\u015f\u0131s\u0131nda Onur Sava\u015f\u0131n\u0131 Veriyor"},"content":{"rendered":"<p>BEYRUT \u2013 Direni\u015fe Vefa Grup \u00fcyesi L\u00fcbnanl\u0131 Milletvekili Hasan Fadlullah, b\u00f6lgedeki ter\u00f6r projesinin Suriye ve Suriye Ordusu ve Direni\u015f Hareketi\u2019nin direni\u015fi sayesinde b\u00fcy\u00fck hezimete u\u011frad\u0131\u011f\u0131n\u0131 vurgulad\u0131.<\/p>\n<p>G\u00fcney\u2019in Kefer Dunin beldesinde yapt\u0131\u011f\u0131 konu\u015fmas\u0131nda Fadlullah, Suriye\u2019nin kuzeyde verdi\u011fi ter\u00f6rle m\u00fccadelesinde Onur ve egemenlik sava\u015f\u0131 verdi\u011fine, ter\u00f6re ve ba\u015fta ABD ve b\u00f6lgedeki m\u00fcttefikleri olmak \u00fczere destekleyicilerine kar\u015f\u0131 durdu\u011funa i\u015faret etti.<\/p>\n<p>Fadlullah, direni\u015fin ter\u00f6r projesine kar\u015f\u0131 m\u00fccadelesini s\u00fcrd\u00fcrece\u011fini vurgulad\u0131.<\/p>\n<p>Kumeyt Yusuf<\/p>\n","protected":false},"excerpt":{"rendered":"<p>BEYRUT \u2013 Direni\u015fe Vefa Grup \u00fcyesi L\u00fcbnanl\u0131 Milletvekili Hasan Fadlullah, b\u00f6lgedeki ter\u00f6r projesinin Suriye ve Suriye Ordusu ve Direni\u015f Hareketi\u2019nin direni\u015fi sayesinde b\u00fcy\u00fck hezimete u\u011frad\u0131\u011f\u0131n\u0131 vurgulad\u0131. G\u00fcney\u2019in Kefer Dunin beldesinde yapt\u0131\u011f\u0131 konu\u015fmas\u0131nda Fadlullah, Suriye\u2019nin kuzeyde verdi\u011fi ter\u00f6rle m\u00fccadelesinde Onur ve egemenlik sava\u015f\u0131 verdi\u011fine, ter\u00f6re ve ba\u015fta ABD ve b\u00f6lgedeki m\u00fcttefikleri olmak \u00fczere destekleyicilerine kar\u015f\u0131 durdu\u011funa &hellip;<\/p>\n","protected":false},"author":1,"featured_media":203965,"comment_status":"closed","ping_status":"closed","sticky":false,"template":"","format":"standard","meta":{"footnotes":""},"categories":[458,459,17988],"tags":[],"class_list":["post-203964","post","type-post","status-publish","format-standard","has-post-thumbnail","","category-dunya1","category-haberler-arap-uluslararasi-politika","category-son-haberler"],"_links":{"self":[{"href":"https:\/\/archive.sana.sy\/tr\/index.php?rest_route=\/wp\/v2\/posts\/203964","targetHints":{"allow":["GET"]}}],"collection":[{"href":"https:\/\/archive.sana.sy\/tr\/index.php?rest_route=\/wp\/v2\/posts"}],"about":[{"href":"https:\/\/archive.sana.sy\/tr\/index.php?rest_route=\/wp\/v2\/types\/post"}],"author":[{"embeddable":true,"href":"https:\/\/archive.sana.sy\/tr\/index.php?rest_route=\/wp\/v2\/users\/1"}],"replies":[{"embeddable":true,"href":"https:\/\/archive.sana.sy\/tr\/index.php?rest_route=%2Fwp%2Fv2%2Fcomments&post=203964"}],"version-history":[{"count":0,"href":"https:\/\/archive.sana.sy\/tr\/index.php?rest_route=\/wp\/v2\/posts\/203964\/revisions"}],"wp:featuredmedia":[{"embeddable":true,"href":"https:\/\/archive.sana.sy\/tr\/index.php?rest_route=\/wp\/v2\/media\/203965"}],"wp:attachment":[{"href":"https:\/\/archive.sana.sy\/tr\/index.php?rest_route=%2Fwp%2Fv2%2Fmedia&parent=203964"}],"wp:term":[{"taxonomy":"category","embeddable":true,"href":"https:\/\/archive.sana.sy\/tr\/index.php?rest_route=%2Fwp%2Fv2%2Fcategories&post=203964"},{"taxonomy":"post_tag","embeddable":true,"href":"https:\/\/archive.sana.sy\/tr\/index.php?rest_route=%2Fwp%2Fv2%2Ftags&post=203964"}],"curies":[{"name":"wp","href":"https:\/\/api.w.org\/{rel}","templated":true}]}}