{"id":203968,"date":"2020-03-01T21:18:42","date_gmt":"2020-03-01T19:18:42","guid":{"rendered":"http:\/\/www.sana.sy\/tr\/?p=203968"},"modified":"2020-03-02T16:11:31","modified_gmt":"2020-03-02T14:11:31","slug":"turk-rejimi-suriye-cikmazindan-cekmesi-icin-bme-multeci-kozu-ile-baski-yaratmaya-calisiyor","status":"publish","type":"post","link":"https:\/\/archive.sana.sy\/tr\/?p=203968","title":{"rendered":"T\u00fcrk Rejimi, Suriye \u00c7\u0131kmaz\u0131ndan \u00e7ekmesi \u0130\u00e7in BM\u2019e M\u00fclteci Kozu ile Bask\u0131 Yaratmaya \u00c7al\u0131\u015f\u0131yor"},"content":{"rendered":"<p>\u015eAM \u2013 T\u00fcrk Rejimi g\u00fc\u00e7leri ve Ter\u00f6r \u00d6rg\u00fctlerinden paral\u0131 askerleri, Suriye Arap Ordusu\u2019nun \u0130dlib\u2019te d\u00fczenledi\u011fi operasyonlarla Ard arda b\u00fcy\u00fcyen hasarlar\u0131, Rejimin ba\u015fkan\u0131 Erdo\u011fan\u2019\u0131 \u00e7\u0131ld\u0131rarak M\u00fclteci kozunu yeniden kullanmaya zorlad\u0131. Erdo\u011fan her \u00e7\u0131kmaza girdi\u011finde bu kozu kullanmya ve AB\u2019den can simidi aramaya ko\u015fuyor.<\/p>\n<p>Ter\u00f6ristler saflar\u0131nda sava\u015f\u0131rken 33 \u00f6l\u00fc ve 32 yaral\u0131 T\u00fcrk asker hasardan g\u00f6zleri \u00e7evirmek i\u00e7in Avrupa\u2019y\u0131 m\u00fcltecilerle \u015fantaj etme arac\u0131 buldu. ve Avrupa ile 2016 y\u0131l\u0131nda imzalad\u0131\u011f\u0131 anla\u015fmadan s\u0131y\u0131rarak T\u00fcrkiye\u2019nin kap\u0131lar\u0131n\u0131 Avrupa\u2019ya ak\u0131n eden m\u00fcltecilerin \u00f6n\u00fcne a\u00e7t\u0131.<\/p>\n<p>Erdo\u011fan\u2019\u0131n bu tutumunu Avrupa Komiserli\u011fi taraf\u0131ndan k\u0131nand\u0131 ve imzalad\u0131klar\u0131 anla\u015fmaya ba\u011fl\u0131 kalmas\u0131n\u0131 istedi.<\/p>\n<p>Avusturya\u2019n\u0131n Y\u00fcksek Avusturya eyalet hakimi Tomas \u015etiltzer AB\u2019nden bu duruma kar\u015f\u0131 tav\u0131r tak\u0131nmas\u0131n\u0131 istedi.<\/p>\n<p>Erdo\u011fan\u2019\u0131n M\u00fclteciler dosyas\u0131n\u0131 kullanmas\u0131, Suriye\u2019de yay\u0131lmac\u0131l\u0131k h\u0131rs\u0131n\u0131 y\u00fcz\u00fcnden ba\u015f\u0131na getirdi\u011fi belan\u0131n b\u00fcy\u00fckl\u00fc\u011f\u00fcn\u00fc g\u00f6sterir. Bunun yan\u0131s\u0131ra T\u00fcrkiye i\u00e7erisinde ekonomik kriz ve Erdo\u011fan\u2019a kar\u015f\u0131 halk\u0131n nefret duygusunu artmas\u0131yla bir yandan Avrupa\u2019ya milyonlarca m\u00fclteci salma tehdidi, bir yandan Suriye\u2019ye m\u00fcdahele ve sald\u0131rma \u00f6teki yandan da i\u00e7erdeki muhalif sesleri susturma ve muhalifleri bast\u0131rman\u0131n delilik siyasetlerini uygulamaya ba\u015flad\u0131.<\/p>\n<p>Kumeyt Yusuf<\/p>\n","protected":false},"excerpt":{"rendered":"<p>\u015eAM \u2013 T\u00fcrk Rejimi g\u00fc\u00e7leri ve Ter\u00f6r \u00d6rg\u00fctlerinden paral\u0131 askerleri, Suriye Arap Ordusu\u2019nun \u0130dlib\u2019te d\u00fczenledi\u011fi operasyonlarla Ard arda b\u00fcy\u00fcyen hasarlar\u0131, Rejimin ba\u015fkan\u0131 Erdo\u011fan\u2019\u0131 \u00e7\u0131ld\u0131rarak M\u00fclteci kozunu yeniden kullanmaya zorlad\u0131. Erdo\u011fan her \u00e7\u0131kmaza girdi\u011finde bu kozu kullanmya ve AB\u2019den can simidi aramaya ko\u015fuyor. Ter\u00f6ristler saflar\u0131nda sava\u015f\u0131rken 33 \u00f6l\u00fc ve 32 yaral\u0131 T\u00fcrk asker hasardan g\u00f6zleri \u00e7evirmek &hellip;<\/p>\n","protected":false},"author":1,"featured_media":203969,"comment_status":"closed","ping_status":"closed","sticky":false,"template":"","format":"standard","meta":{"footnotes":""},"categories":[479,451,17988,2554,2555,478],"tags":[],"class_list":["post-203968","post","type-post","status-publish","format-standard","has-post-thumbnail","","category-haberler-yerel","category-roportajlar","category-son-haberler","category-suriye-ve-dunya","category-suriye-ve-turkiye","category-yerel"],"_links":{"self":[{"href":"https:\/\/archive.sana.sy\/tr\/index.php?rest_route=\/wp\/v2\/posts\/203968","targetHints":{"allow":["GET"]}}],"collection":[{"href":"https:\/\/archive.sana.sy\/tr\/index.php?rest_route=\/wp\/v2\/posts"}],"about":[{"href":"https:\/\/archive.sana.sy\/tr\/index.php?rest_route=\/wp\/v2\/types\/post"}],"author":[{"embeddable":true,"href":"https:\/\/archive.sana.sy\/tr\/index.php?rest_route=\/wp\/v2\/users\/1"}],"replies":[{"embeddable":true,"href":"https:\/\/archive.sana.sy\/tr\/index.php?rest_route=%2Fwp%2Fv2%2Fcomments&post=203968"}],"version-history":[{"count":0,"href":"https:\/\/archive.sana.sy\/tr\/index.php?rest_route=\/wp\/v2\/posts\/203968\/revisions"}],"wp:featuredmedia":[{"embeddable":true,"href":"https:\/\/archive.sana.sy\/tr\/index.php?rest_route=\/wp\/v2\/media\/203969"}],"wp:attachment":[{"href":"https:\/\/archive.sana.sy\/tr\/index.php?rest_route=%2Fwp%2Fv2%2Fmedia&parent=203968"}],"wp:term":[{"taxonomy":"category","embeddable":true,"href":"https:\/\/archive.sana.sy\/tr\/index.php?rest_route=%2Fwp%2Fv2%2Fcategories&post=203968"},{"taxonomy":"post_tag","embeddable":true,"href":"https:\/\/archive.sana.sy\/tr\/index.php?rest_route=%2Fwp%2Fv2%2Ftags&post=203968"}],"curies":[{"name":"wp","href":"https:\/\/api.w.org\/{rel}","templated":true}]}}