{"id":203985,"date":"2020-03-02T13:26:52","date_gmt":"2020-03-02T11:26:52","guid":{"rendered":"http:\/\/www.sana.sy\/tr\/?p=203985"},"modified":"2020-04-05T10:45:53","modified_gmt":"2020-04-05T07:45:53","slug":"sana-muhabiri-isgacli-israilin-kunaytra-kirsalinda-yer-alan-ayn-tine-koyunde-isgal-altindaki-golan-uzerniden-yapilan-fuze-saldirisiyla-bir-sivil-araci-hedef-aldigini-belirtti","status":"publish","type":"post","link":"https:\/\/archive.sana.sy\/tr\/?p=203985","title":{"rendered":"SANA muhabiri: \u0130\u015fgacli \u0130srail\u2019in Kunaytra k\u0131rsal\u0131nda yer alan Ayn Tine K\u00f6y\u00fcnde i\u015fgal alt\u0131ndaki Golan \u00fczerniden yap\u0131lan f\u00fcze sald\u0131r\u0131s\u0131yla bir sivil arac\u0131 hedef ald\u0131\u011f\u0131n\u0131 belirtti"},"content":{"rendered":"<p>SANA muhabiri: \u0130\u015fgacli \u0130srail\u2019in Kunaytra k\u0131rsal\u0131nda yer alan Ayn Tine K\u00f6y\u00fcnde i\u015fgal alt\u0131ndaki Golan \u00fczerniden yap\u0131lan f\u00fcze sald\u0131r\u0131s\u0131yla bir sivil arac\u0131 hedef ald\u0131\u011f\u0131n\u0131 belirtti<\/p>\n","protected":false},"excerpt":{"rendered":"<p>SANA muhabiri: \u0130\u015fgacli \u0130srail\u2019in Kunaytra k\u0131rsal\u0131nda yer alan Ayn Tine K\u00f6y\u00fcnde i\u015fgal alt\u0131ndaki Golan \u00fczerniden yap\u0131lan f\u00fcze sald\u0131r\u0131s\u0131yla bir sivil arac\u0131 hedef ald\u0131\u011f\u0131n\u0131 belirtti<\/p>\n","protected":false},"author":36,"featured_media":0,"comment_status":"closed","ping_status":"closed","sticky":false,"template":"","format":"standard","meta":{"footnotes":""},"categories":[17991],"tags":[],"class_list":["post-203985","post","type-post","status-publish","format-standard","","category-son-dakika"],"_links":{"self":[{"href":"https:\/\/archive.sana.sy\/tr\/index.php?rest_route=\/wp\/v2\/posts\/203985","targetHints":{"allow":["GET"]}}],"collection":[{"href":"https:\/\/archive.sana.sy\/tr\/index.php?rest_route=\/wp\/v2\/posts"}],"about":[{"href":"https:\/\/archive.sana.sy\/tr\/index.php?rest_route=\/wp\/v2\/types\/post"}],"author":[{"embeddable":true,"href":"https:\/\/archive.sana.sy\/tr\/index.php?rest_route=\/wp\/v2\/users\/36"}],"replies":[{"embeddable":true,"href":"https:\/\/archive.sana.sy\/tr\/index.php?rest_route=%2Fwp%2Fv2%2Fcomments&post=203985"}],"version-history":[{"count":0,"href":"https:\/\/archive.sana.sy\/tr\/index.php?rest_route=\/wp\/v2\/posts\/203985\/revisions"}],"wp:attachment":[{"href":"https:\/\/archive.sana.sy\/tr\/index.php?rest_route=%2Fwp%2Fv2%2Fmedia&parent=203985"}],"wp:term":[{"taxonomy":"category","embeddable":true,"href":"https:\/\/archive.sana.sy\/tr\/index.php?rest_route=%2Fwp%2Fv2%2Fcategories&post=203985"},{"taxonomy":"post_tag","embeddable":true,"href":"https:\/\/archive.sana.sy\/tr\/index.php?rest_route=%2Fwp%2Fv2%2Ftags&post=203985"}],"curies":[{"name":"wp","href":"https:\/\/api.w.org\/{rel}","templated":true}]}}