{"id":203994,"date":"2020-03-02T13:05:59","date_gmt":"2020-03-02T11:05:59","guid":{"rendered":"http:\/\/www.sana.sy\/tr\/?p=203994"},"modified":"2020-03-04T10:02:55","modified_gmt":"2020-03-04T08:02:55","slug":"kremlin-rusya-terore-karsi-mucadelesinde-suriyeyi-desteklemeye-devam-edecek","status":"publish","type":"post","link":"https:\/\/archive.sana.sy\/tr\/?p=203994","title":{"rendered":"Kremlin: Rusya, Ter\u00f6re Kar\u015f\u0131 M\u00fccadelesinde Suriye&#8217;yi Desteklemeye Devam Edecek"},"content":{"rendered":"<p>MOSKOVA \u2013 Kremlin ter\u00f6rle m\u00fccadele konusundaki Rusya taraf\u0131ndan Suriye\u2019ye verilen deste\u011finin devam edilece\u011fini vurgularken So\u00e7i anla\u015fmalar\u0131n\u0131 uygulamaya kararl\u0131 oldu\u011funu do\u011frulad\u0131.<\/p>\n<p>Bas\u0131n mensuplar\u0131na bug\u00fcn Moskova\u2019da a\u00e7\u0131klamalar yapan Ruysa Ba\u015fkanl\u0131\u011f\u0131 S\u00f6zc\u00fcs\u00fc Dmitriy Peskov; Rusya\u2019n\u0131n So\u00e7i anla\u015fmalar\u0131na ba\u011fl\u0131l\u0131\u011f\u0131n\u0131 yenilerken Suriye toprak b\u00fct\u00fcnl\u00fc\u011f\u00fcn\u00fc ve Suriye\u2019yi BMGK ter\u00f6r listesinde yer alanlar\u0131 dahil olmak \u00fczere ter\u00f6r \u00f6rg\u00fctlerine kar\u015f\u0131 m\u00fccadelesinde desteklemeye devam edece\u011fini belirtti.<\/p>\n<p>Peskov ayr\u0131ca; gelecek Per\u015fembe g\u00fcn\u00fc Rusya Ba\u015fkan\u0131 Vladimir Putin\u2019in Moskova\u2019da yap\u0131lacak Erdo\u011fan ile g\u00f6r\u00fc\u015fmede Suriye\u2019deki geli\u015fmeleri tart\u0131\u015faca\u011f\u0131n\u0131 bildirdi.<\/p>\n<p>Suriye Arap Ordusunun Suriye\u2019nin kuzeyinde u\u00e7u\u015fa yasak b\u00f6lge kurmas\u0131 ile ilgili bir soruya cevap verirken Peskov; \u201cRus askeri verilerine g\u00f6re Moskova, Idlib \u00fczerinde u\u00e7man\u0131n g\u00fcvenli\u011fini garanti edemeyecek\u201d ifadelerini kulland\u0131.<\/p>\n<p>\u00c7eviri: P.M. ve M.Y.<\/p>\n","protected":false},"excerpt":{"rendered":"<p>MOSKOVA \u2013 Kremlin ter\u00f6rle m\u00fccadele konusundaki Rusya taraf\u0131ndan Suriye\u2019ye verilen deste\u011finin devam edilece\u011fini vurgularken So\u00e7i anla\u015fmalar\u0131n\u0131 uygulamaya kararl\u0131 oldu\u011funu do\u011frulad\u0131. Bas\u0131n mensuplar\u0131na bug\u00fcn Moskova\u2019da a\u00e7\u0131klamalar yapan Ruysa Ba\u015fkanl\u0131\u011f\u0131 S\u00f6zc\u00fcs\u00fc Dmitriy Peskov; Rusya\u2019n\u0131n So\u00e7i anla\u015fmalar\u0131na ba\u011fl\u0131l\u0131\u011f\u0131n\u0131 yenilerken Suriye toprak b\u00fct\u00fcnl\u00fc\u011f\u00fcn\u00fc ve Suriye\u2019yi BMGK ter\u00f6r listesinde yer alanlar\u0131 dahil olmak \u00fczere ter\u00f6r \u00f6rg\u00fctlerine kar\u015f\u0131 m\u00fccadelesinde desteklemeye devam &hellip;<\/p>\n","protected":false},"author":1,"featured_media":203995,"comment_status":"closed","ping_status":"closed","sticky":false,"template":"","format":"standard","meta":{"footnotes":""},"categories":[458,459,17988],"tags":[],"class_list":["post-203994","post","type-post","status-publish","format-standard","has-post-thumbnail","","category-dunya1","category-haberler-arap-uluslararasi-politika","category-son-haberler"],"_links":{"self":[{"href":"https:\/\/archive.sana.sy\/tr\/index.php?rest_route=\/wp\/v2\/posts\/203994","targetHints":{"allow":["GET"]}}],"collection":[{"href":"https:\/\/archive.sana.sy\/tr\/index.php?rest_route=\/wp\/v2\/posts"}],"about":[{"href":"https:\/\/archive.sana.sy\/tr\/index.php?rest_route=\/wp\/v2\/types\/post"}],"author":[{"embeddable":true,"href":"https:\/\/archive.sana.sy\/tr\/index.php?rest_route=\/wp\/v2\/users\/1"}],"replies":[{"embeddable":true,"href":"https:\/\/archive.sana.sy\/tr\/index.php?rest_route=%2Fwp%2Fv2%2Fcomments&post=203994"}],"version-history":[{"count":0,"href":"https:\/\/archive.sana.sy\/tr\/index.php?rest_route=\/wp\/v2\/posts\/203994\/revisions"}],"wp:featuredmedia":[{"embeddable":true,"href":"https:\/\/archive.sana.sy\/tr\/index.php?rest_route=\/wp\/v2\/media\/203995"}],"wp:attachment":[{"href":"https:\/\/archive.sana.sy\/tr\/index.php?rest_route=%2Fwp%2Fv2%2Fmedia&parent=203994"}],"wp:term":[{"taxonomy":"category","embeddable":true,"href":"https:\/\/archive.sana.sy\/tr\/index.php?rest_route=%2Fwp%2Fv2%2Fcategories&post=203994"},{"taxonomy":"post_tag","embeddable":true,"href":"https:\/\/archive.sana.sy\/tr\/index.php?rest_route=%2Fwp%2Fv2%2Ftags&post=203994"}],"curies":[{"name":"wp","href":"https:\/\/api.w.org\/{rel}","templated":true}]}}