{"id":204367,"date":"2020-03-06T17:13:23","date_gmt":"2020-03-06T15:13:23","guid":{"rendered":"http:\/\/www.sana.sy\/tr\/?p=204367"},"modified":"2020-03-06T17:13:23","modified_gmt":"2020-03-06T15:13:23","slug":"turk-rejimi-baskani-basin-mensuplarina-yaptigi-aciklamada-idlibte-teror-orgutlerine-verdigi-destegi-surecinde-kuvvetlerinin-yuzlerce-kayiplara-ulasan-buyuk-hasarlara-maruz-kaldiklarini-itiraf","status":"publish","type":"post","link":"https:\/\/archive.sana.sy\/tr\/?p=204367","title":{"rendered":"T\u00fcrk Rejimi Ba\u015fkan\u0131 bas\u0131n mensuplar\u0131na yapt\u0131\u011f\u0131 a\u00e7\u0131klamada \u0130dlib\u2019te ter\u00f6r \u00f6rg\u00fctlerine verdi\u011fi deste\u011fi s\u00fcrecinde kuvvetlerinin y\u00fczlerce kay\u0131plara ula\u015fan b\u00fcy\u00fck hasarlara maruz kald\u0131klar\u0131n\u0131 itiraf etti"},"content":{"rendered":"<p>T\u00fcrk Rejimi Ba\u015fkan\u0131 bas\u0131n mensuplar\u0131na yapt\u0131\u011f\u0131 a\u00e7\u0131klamada \u0130dlib\u2019te ter\u00f6r \u00f6rg\u00fctlerine verdi\u011fi deste\u011fi s\u00fcrecinde kuvvetlerinin y\u00fczlerce kay\u0131plara ula\u015fan b\u00fcy\u00fck hasarlara maruz kald\u0131klar\u0131n\u0131 itiraf etti<\/p>\n","protected":false},"excerpt":{"rendered":"<p>T\u00fcrk Rejimi Ba\u015fkan\u0131 bas\u0131n mensuplar\u0131na yapt\u0131\u011f\u0131 a\u00e7\u0131klamada \u0130dlib\u2019te ter\u00f6r \u00f6rg\u00fctlerine verdi\u011fi deste\u011fi s\u00fcrecinde kuvvetlerinin y\u00fczlerce kay\u0131plara ula\u015fan b\u00fcy\u00fck hasarlara maruz kald\u0131klar\u0131n\u0131 itiraf etti<\/p>\n","protected":false},"author":1,"featured_media":0,"comment_status":"closed","ping_status":"closed","sticky":false,"template":"","format":"standard","meta":{"footnotes":""},"categories":[17991],"tags":[],"class_list":["post-204367","post","type-post","status-publish","format-standard","","category-son-dakika"],"_links":{"self":[{"href":"https:\/\/archive.sana.sy\/tr\/index.php?rest_route=\/wp\/v2\/posts\/204367","targetHints":{"allow":["GET"]}}],"collection":[{"href":"https:\/\/archive.sana.sy\/tr\/index.php?rest_route=\/wp\/v2\/posts"}],"about":[{"href":"https:\/\/archive.sana.sy\/tr\/index.php?rest_route=\/wp\/v2\/types\/post"}],"author":[{"embeddable":true,"href":"https:\/\/archive.sana.sy\/tr\/index.php?rest_route=\/wp\/v2\/users\/1"}],"replies":[{"embeddable":true,"href":"https:\/\/archive.sana.sy\/tr\/index.php?rest_route=%2Fwp%2Fv2%2Fcomments&post=204367"}],"version-history":[{"count":0,"href":"https:\/\/archive.sana.sy\/tr\/index.php?rest_route=\/wp\/v2\/posts\/204367\/revisions"}],"wp:attachment":[{"href":"https:\/\/archive.sana.sy\/tr\/index.php?rest_route=%2Fwp%2Fv2%2Fmedia&parent=204367"}],"wp:term":[{"taxonomy":"category","embeddable":true,"href":"https:\/\/archive.sana.sy\/tr\/index.php?rest_route=%2Fwp%2Fv2%2Fcategories&post=204367"},{"taxonomy":"post_tag","embeddable":true,"href":"https:\/\/archive.sana.sy\/tr\/index.php?rest_route=%2Fwp%2Fv2%2Ftags&post=204367"}],"curies":[{"name":"wp","href":"https:\/\/api.w.org\/{rel}","templated":true}]}}