{"id":204369,"date":"2020-03-06T17:30:01","date_gmt":"2020-03-06T15:30:01","guid":{"rendered":"http:\/\/www.sana.sy\/tr\/?p=204369"},"modified":"2020-03-09T10:05:23","modified_gmt":"2020-03-09T08:05:23","slug":"idlibteki-serakib-beldesinde-teror-orgutlerinden-kalma-ele-gecirilen-cephanede-amerika-menseli-tow-tanksavar-fuzeleri-de-bulundu","status":"publish","type":"post","link":"https:\/\/archive.sana.sy\/tr\/?p=204369","title":{"rendered":"\u0130dlib\u2019teki Serakib Beldesinde Amerika men\u015feli TOW tanksavar f\u00fczeleri ele ge\u00e7irildi (V\u0130DEO)"},"content":{"rendered":"<p>\u0130dlib &#8211; \u0130dlib\u2019teki kurtar\u0131lan Serakib Beldesinde, ordu birliklerimiz taraf\u0131ndan s\u00fcrd\u00fcr\u00fclen arama tarama operasyonlar\u0131 s\u0131ras\u0131nda ter\u00f6r \u00f6rg\u00fctlerinden kalma ve ele ge\u00e7irilen farkl\u0131 t\u00fcr cephanede Amerika men\u015feli TOW tanksavar f\u00fczeleri de bulundu.<\/p>\n<p style=\"text-align: center;\"><iframe loading=\"lazy\" src=\"https:\/\/www.youtube.com\/embed\/nFeVZpwp5bI\" width=\"620\" height=\"348\" frameborder=\"0\" allowfullscreen=\"allowfullscreen\"><\/iframe><\/p>\n<div id='gallery-1' class='gallery galleryid-204369 gallery-columns-1 gallery-size-full'><figure class='gallery-item'>\n\t\t\t<div class='gallery-icon landscape'>\n\t\t\t\t<a href='https:\/\/archive.sana.sy\/tr\/wp-content\/uploads\/2020\/03\/3-38.jpg'><img loading=\"lazy\" decoding=\"async\" width=\"660\" height=\"423\" src=\"https:\/\/archive.sana.sy\/tr\/wp-content\/uploads\/2020\/03\/3-38.jpg\" class=\"attachment-full size-full\" alt=\"\" srcset=\"https:\/\/archive.sana.sy\/tr\/wp-content\/uploads\/2020\/03\/3-38.jpg 660w, https:\/\/archive.sana.sy\/tr\/wp-content\/uploads\/2020\/03\/3-38-300x192.jpg 300w, https:\/\/archive.sana.sy\/tr\/wp-content\/uploads\/2020\/03\/3-38-150x96.jpg 150w\" sizes=\"auto, (max-width: 660px) 100vw, 660px\" \/><\/a>\n\t\t\t<\/div><\/figure><figure class='gallery-item'>\n\t\t\t<div class='gallery-icon landscape'>\n\t\t\t\t<a href='https:\/\/archive.sana.sy\/tr\/wp-content\/uploads\/2020\/03\/4-35.jpg'><img loading=\"lazy\" decoding=\"async\" width=\"660\" height=\"407\" src=\"https:\/\/archive.sana.sy\/tr\/wp-content\/uploads\/2020\/03\/4-35.jpg\" class=\"attachment-full size-full\" alt=\"\" srcset=\"https:\/\/archive.sana.sy\/tr\/wp-content\/uploads\/2020\/03\/4-35.jpg 660w, https:\/\/archive.sana.sy\/tr\/wp-content\/uploads\/2020\/03\/4-35-300x185.jpg 300w, https:\/\/archive.sana.sy\/tr\/wp-content\/uploads\/2020\/03\/4-35-150x93.jpg 150w\" sizes=\"auto, (max-width: 660px) 100vw, 660px\" \/><\/a>\n\t\t\t<\/div><\/figure><figure class='gallery-item'>\n\t\t\t<div class='gallery-icon landscape'>\n\t\t\t\t<a href='https:\/\/archive.sana.sy\/tr\/wp-content\/uploads\/2020\/03\/5-40.jpg'><img loading=\"lazy\" decoding=\"async\" width=\"660\" height=\"425\" src=\"https:\/\/archive.sana.sy\/tr\/wp-content\/uploads\/2020\/03\/5-40.jpg\" class=\"attachment-full size-full\" alt=\"\" srcset=\"https:\/\/archive.sana.sy\/tr\/wp-content\/uploads\/2020\/03\/5-40.jpg 660w, https:\/\/archive.sana.sy\/tr\/wp-content\/uploads\/2020\/03\/5-40-300x193.jpg 300w, https:\/\/archive.sana.sy\/tr\/wp-content\/uploads\/2020\/03\/5-40-150x97.jpg 150w\" sizes=\"auto, (max-width: 660px) 100vw, 660px\" \/><\/a>\n\t\t\t<\/div><\/figure><figure class='gallery-item'>\n\t\t\t<div class='gallery-icon landscape'>\n\t\t\t\t<a href='https:\/\/archive.sana.sy\/tr\/wp-content\/uploads\/2020\/03\/6-27.jpg'><img loading=\"lazy\" decoding=\"async\" width=\"660\" height=\"429\" src=\"https:\/\/archive.sana.sy\/tr\/wp-content\/uploads\/2020\/03\/6-27.jpg\" class=\"attachment-full size-full\" alt=\"\" srcset=\"https:\/\/archive.sana.sy\/tr\/wp-content\/uploads\/2020\/03\/6-27.jpg 660w, https:\/\/archive.sana.sy\/tr\/wp-content\/uploads\/2020\/03\/6-27-300x195.jpg 300w, https:\/\/archive.sana.sy\/tr\/wp-content\/uploads\/2020\/03\/6-27-150x98.jpg 150w\" sizes=\"auto, (max-width: 660px) 100vw, 660px\" \/><\/a>\n\t\t\t<\/div><\/figure><figure class='gallery-item'>\n\t\t\t<div class='gallery-icon landscape'>\n\t\t\t\t<a href='https:\/\/archive.sana.sy\/tr\/wp-content\/uploads\/2020\/03\/7-24.jpg'><img loading=\"lazy\" decoding=\"async\" width=\"660\" height=\"427\" src=\"https:\/\/archive.sana.sy\/tr\/wp-content\/uploads\/2020\/03\/7-24.jpg\" class=\"attachment-full size-full\" alt=\"\" srcset=\"https:\/\/archive.sana.sy\/tr\/wp-content\/uploads\/2020\/03\/7-24.jpg 660w, https:\/\/archive.sana.sy\/tr\/wp-content\/uploads\/2020\/03\/7-24-300x194.jpg 300w, https:\/\/archive.sana.sy\/tr\/wp-content\/uploads\/2020\/03\/7-24-150x97.jpg 150w\" sizes=\"auto, (max-width: 660px) 100vw, 660px\" \/><\/a>\n\t\t\t<\/div><\/figure><figure class='gallery-item'>\n\t\t\t<div class='gallery-icon landscape'>\n\t\t\t\t<a href='https:\/\/archive.sana.sy\/tr\/wp-content\/uploads\/2020\/03\/8-27.jpg'><img loading=\"lazy\" decoding=\"async\" width=\"660\" height=\"431\" src=\"https:\/\/archive.sana.sy\/tr\/wp-content\/uploads\/2020\/03\/8-27.jpg\" class=\"attachment-full size-full\" alt=\"\" srcset=\"https:\/\/archive.sana.sy\/tr\/wp-content\/uploads\/2020\/03\/8-27.jpg 660w, https:\/\/archive.sana.sy\/tr\/wp-content\/uploads\/2020\/03\/8-27-300x196.jpg 300w, https:\/\/archive.sana.sy\/tr\/wp-content\/uploads\/2020\/03\/8-27-150x98.jpg 150w\" sizes=\"auto, (max-width: 660px) 100vw, 660px\" \/><\/a>\n\t\t\t<\/div><\/figure>\n\t\t<\/div>\n\n<p>&nbsp;<\/p>\n","protected":false},"excerpt":{"rendered":"<p>\u0130dlib &#8211; \u0130dlib\u2019teki kurtar\u0131lan Serakib Beldesinde, ordu birliklerimiz taraf\u0131ndan s\u00fcrd\u00fcr\u00fclen arama tarama operasyonlar\u0131 s\u0131ras\u0131nda ter\u00f6r \u00f6rg\u00fctlerinden kalma ve ele ge\u00e7irilen farkl\u0131 t\u00fcr cephanede Amerika men\u015feli TOW tanksavar f\u00fczeleri de bulundu. &nbsp;<\/p>\n","protected":false},"author":1,"featured_media":204370,"comment_status":"closed","ping_status":"closed","sticky":false,"template":"","format":"standard","meta":{"footnotes":""},"categories":[596,479,17988,478],"tags":[],"class_list":["post-204369","post","type-post","status-publish","format-standard","has-post-thumbnail","","category-fotografli-raporlar","category-haberler-yerel","category-son-haberler","category-yerel"],"_links":{"self":[{"href":"https:\/\/archive.sana.sy\/tr\/index.php?rest_route=\/wp\/v2\/posts\/204369","targetHints":{"allow":["GET"]}}],"collection":[{"href":"https:\/\/archive.sana.sy\/tr\/index.php?rest_route=\/wp\/v2\/posts"}],"about":[{"href":"https:\/\/archive.sana.sy\/tr\/index.php?rest_route=\/wp\/v2\/types\/post"}],"author":[{"embeddable":true,"href":"https:\/\/archive.sana.sy\/tr\/index.php?rest_route=\/wp\/v2\/users\/1"}],"replies":[{"embeddable":true,"href":"https:\/\/archive.sana.sy\/tr\/index.php?rest_route=%2Fwp%2Fv2%2Fcomments&post=204369"}],"version-history":[{"count":0,"href":"https:\/\/archive.sana.sy\/tr\/index.php?rest_route=\/wp\/v2\/posts\/204369\/revisions"}],"wp:featuredmedia":[{"embeddable":true,"href":"https:\/\/archive.sana.sy\/tr\/index.php?rest_route=\/wp\/v2\/media\/204370"}],"wp:attachment":[{"href":"https:\/\/archive.sana.sy\/tr\/index.php?rest_route=%2Fwp%2Fv2%2Fmedia&parent=204369"}],"wp:term":[{"taxonomy":"category","embeddable":true,"href":"https:\/\/archive.sana.sy\/tr\/index.php?rest_route=%2Fwp%2Fv2%2Fcategories&post=204369"},{"taxonomy":"post_tag","embeddable":true,"href":"https:\/\/archive.sana.sy\/tr\/index.php?rest_route=%2Fwp%2Fv2%2Ftags&post=204369"}],"curies":[{"name":"wp","href":"https:\/\/api.w.org\/{rel}","templated":true}]}}