{"id":204382,"date":"2020-03-06T21:11:53","date_gmt":"2020-03-06T19:11:53","guid":{"rendered":"http:\/\/www.sana.sy\/tr\/?p=204382"},"modified":"2020-03-09T10:07:21","modified_gmt":"2020-03-09T08:07:21","slug":"cumhurbaskani-esad-ile-baskan-putin-arasinda-suriyedeki-gelismelerle-ilgili-telefon-gorusmesi","status":"publish","type":"post","link":"https:\/\/archive.sana.sy\/tr\/?p=204382","title":{"rendered":"Cumhurba\u015fkan\u0131 Esad ile Ba\u015fkan Putin Aras\u0131nda Suriye&#8217;deki Geli\u015fmelerle \u0130lgili Telefon G\u00f6r\u00fc\u015fmesi"},"content":{"rendered":"<p style=\"text-align: justify;\">\u015eAM \u2013 Cumhurba\u015fkan\u0131 Be\u015f\u015far Esad ile Rusya Federasyonu Ba\u015fkan\u0131 Viladimir Putin aras\u0131nda bug\u00fcn Suriye&#8217;deki durum geli\u015fmeleriyle ilgili bir telefon g\u00f6r\u00fc\u015fmesi ger\u00e7ekle\u015fti.<\/p>\n<p style=\"text-align: justify;\">Ba\u015fkan Putin \u0130dlib&#8217;de son \u00e7at\u0131\u015fmalarda sa\u011flanan ba\u015far\u0131larla ilgili olarak Cumhurba\u015fkan\u0131 Esad&#8217;\u0131 kutlayarak, Rus yetkililerle T\u00fcrk yetkililer aras\u0131nda d\u00fcn ger\u00e7ekle\u015fen toplant\u0131yla ilgili say\u0131n Esad&#8217;\u0131 bilgilendirdi.<\/p>\n<p style=\"text-align: justify;\">Cumhurba\u015fkan\u0131 Esad ise telefon g\u00f6r\u00fc\u015fmesinde Moskova&#8217;da T\u00fcrklerle yap\u0131lan toplant\u0131da Rus y\u00f6netiminin ba\u015far\u0131lar\u0131ndan duydu\u011fu memnuniyeti ve T\u00fcrk taraf\u0131n\u0131n bunlara ba\u011fl\u0131 olmas\u0131 durumunda insani, sosyal ve ekonomik ko\u015fullar da dahil olmak \u00fczere \u00e7e\u015fitli seviyelerde Suriye halk\u0131na ta\u015f\u0131yabilece\u011fi olumlu yans\u0131malar\u0131 dile getirdi.<\/p>\n<p style=\"text-align: justify;\">Telefon g\u00f6r\u00fc\u015fmesinde ayr\u0131ca ula\u015f\u0131lan anla\u015fmalar\u0131n Suriye&#8217;nin egemenli\u011fini ve toprak b\u00fct\u00fcnl\u00fc\u011f\u00fcn\u00fc g\u00fcvence alt\u0131na almay\u0131 ama\u00e7layan \u00e7abalar \u00e7er\u00e7evesinde belirtildi\u011fi gibi, siyasi s\u00fcrecin yeniden ba\u015flat\u0131lmas\u0131 i\u00e7in ko\u015fullar\u0131n yarat\u0131lmas\u0131na da yard\u0131mc\u0131 olabilece\u011fi vurguland\u0131.<\/p>\n","protected":false},"excerpt":{"rendered":"<p>\u015eAM \u2013 Cumhurba\u015fkan\u0131 Be\u015f\u015far Esad ile Rusya Federasyonu Ba\u015fkan\u0131 Viladimir Putin aras\u0131nda bug\u00fcn Suriye&#8217;deki durum geli\u015fmeleriyle ilgili bir telefon g\u00f6r\u00fc\u015fmesi ger\u00e7ekle\u015fti. Ba\u015fkan Putin \u0130dlib&#8217;de son \u00e7at\u0131\u015fmalarda sa\u011flanan ba\u015far\u0131larla ilgili olarak Cumhurba\u015fkan\u0131 Esad&#8217;\u0131 kutlayarak, Rus yetkililerle T\u00fcrk yetkililer aras\u0131nda d\u00fcn ger\u00e7ekle\u015fen toplant\u0131yla ilgili say\u0131n Esad&#8217;\u0131 bilgilendirdi. Cumhurba\u015fkan\u0131 Esad ise telefon g\u00f6r\u00fc\u015fmesinde Moskova&#8217;da T\u00fcrklerle yap\u0131lan toplant\u0131da Rus &hellip;<\/p>\n","protected":false},"author":1,"featured_media":204383,"comment_status":"closed","ping_status":"closed","sticky":false,"template":"","format":"standard","meta":{"footnotes":""},"categories":[479,609,605,17988,478],"tags":[],"class_list":["post-204382","post","type-post","status-publish","format-standard","has-post-thumbnail","","category-haberler-yerel","category-konusmalar","category-sayin-cumhurbaskani","category-son-haberler","category-yerel"],"_links":{"self":[{"href":"https:\/\/archive.sana.sy\/tr\/index.php?rest_route=\/wp\/v2\/posts\/204382","targetHints":{"allow":["GET"]}}],"collection":[{"href":"https:\/\/archive.sana.sy\/tr\/index.php?rest_route=\/wp\/v2\/posts"}],"about":[{"href":"https:\/\/archive.sana.sy\/tr\/index.php?rest_route=\/wp\/v2\/types\/post"}],"author":[{"embeddable":true,"href":"https:\/\/archive.sana.sy\/tr\/index.php?rest_route=\/wp\/v2\/users\/1"}],"replies":[{"embeddable":true,"href":"https:\/\/archive.sana.sy\/tr\/index.php?rest_route=%2Fwp%2Fv2%2Fcomments&post=204382"}],"version-history":[{"count":0,"href":"https:\/\/archive.sana.sy\/tr\/index.php?rest_route=\/wp\/v2\/posts\/204382\/revisions"}],"wp:featuredmedia":[{"embeddable":true,"href":"https:\/\/archive.sana.sy\/tr\/index.php?rest_route=\/wp\/v2\/media\/204383"}],"wp:attachment":[{"href":"https:\/\/archive.sana.sy\/tr\/index.php?rest_route=%2Fwp%2Fv2%2Fmedia&parent=204382"}],"wp:term":[{"taxonomy":"category","embeddable":true,"href":"https:\/\/archive.sana.sy\/tr\/index.php?rest_route=%2Fwp%2Fv2%2Fcategories&post=204382"},{"taxonomy":"post_tag","embeddable":true,"href":"https:\/\/archive.sana.sy\/tr\/index.php?rest_route=%2Fwp%2Fv2%2Ftags&post=204382"}],"curies":[{"name":"wp","href":"https:\/\/api.w.org\/{rel}","templated":true}]}}