{"id":204802,"date":"2020-03-11T12:20:59","date_gmt":"2020-03-11T10:20:59","guid":{"rendered":"http:\/\/www.sana.sy\/tr\/?p=204802"},"modified":"2020-04-05T10:59:25","modified_gmt":"2020-04-05T07:59:25","slug":"grosbic-suriyenin-kuzeydogusundaki-turk-isgali-tarafindan-destekli-teror-orgutlerinin-suc-eylemlerini-kinadi","status":"publish","type":"post","link":"https:\/\/archive.sana.sy\/tr\/?p=204802","title":{"rendered":"Grosbi\u00e7, Suriye&#8217;nin Kuzeydo\u011fusundaki T\u00fcrk \u0130\u015fgali Taraf\u0131ndan Destekli Ter\u00f6r \u00d6rg\u00fctlerinin Su\u00e7 Eylemlerini K\u0131nad\u0131"},"content":{"rendered":"<p>PRAG &#8211; \u00c7ek Parlamento Grubunun Suriye ile Dostluk Grubu Ba\u015fkan\u0131 Dr. Stanislav Grosbi\u00e7, Suriye&#8217;nin kuzeydo\u011fuda halka kar\u015f\u0131 i\u015fgalci T\u00fcrk kuvvetleri taraf\u0131ndan desteklenen ter\u00f6r \u00f6rg\u00fctlerinin su\u00e7 eylemlerini k\u0131nad\u0131.<\/p>\n<p>Grosbi\u00e7 bug\u00fcn Prag&#8217;da SANA muhabirine yapt\u0131\u011f\u0131 a\u00e7\u0131klamada, s\u00f6z konusu \u00f6rg\u00fct ter\u00f6ristlerinin ve i\u015fgalcilerden destek\u00e7ilerinin halk\u0131n m\u00fclklerini ya\u011fmalama ve gasp etmelerle yetinmeyeceklerini, ayn\u0131 zamanda Suriye&#8217;nin tarihi uygarl\u0131\u011f\u0131n\u0131 belgeleyen tarihi sanatsal eserleri \u00e7almak ve ulusal k\u00fclt\u00fcr miras\u0131n\u0131 ya\u011fmalayacaklar\u0131n\u0131 belirterek s\u00f6z konusu bu i\u011fren\u00e7 eylemlerin i\u015fgalci T\u00fcrklerin, edatlar\u0131 ve su\u00e7 ortaklar\u0131n\u0131n ahlaki seviyelerini g\u00f6sterdi\u011fine i\u015faret etti.<\/p>\n<p>Grosbi\u00e7, Suriye Arap Ordusunun \u0130dlib&#8217;i ter\u00f6ristlerden kurtaraca\u011f\u0131na, T\u00fcrk ve di\u011fer g\u00fc\u00e7lerin Suriye topraklar\u0131ndaki yasad\u0131\u015f\u0131 askeri varl\u0131\u011f\u0131na son verece\u011fine olan g\u00fcvenini dile getirdi.<\/p>\n","protected":false},"excerpt":{"rendered":"<p>PRAG &#8211; \u00c7ek Parlamento Grubunun Suriye ile Dostluk Grubu Ba\u015fkan\u0131 Dr. Stanislav Grosbi\u00e7, Suriye&#8217;nin kuzeydo\u011fuda halka kar\u015f\u0131 i\u015fgalci T\u00fcrk kuvvetleri taraf\u0131ndan desteklenen ter\u00f6r \u00f6rg\u00fctlerinin su\u00e7 eylemlerini k\u0131nad\u0131. Grosbi\u00e7 bug\u00fcn Prag&#8217;da SANA muhabirine yapt\u0131\u011f\u0131 a\u00e7\u0131klamada, s\u00f6z konusu \u00f6rg\u00fct ter\u00f6ristlerinin ve i\u015fgalcilerden destek\u00e7ilerinin halk\u0131n m\u00fclklerini ya\u011fmalama ve gasp etmelerle yetinmeyeceklerini, ayn\u0131 zamanda Suriye&#8217;nin tarihi uygarl\u0131\u011f\u0131n\u0131 belgeleyen tarihi &hellip;<\/p>\n","protected":false},"author":1,"featured_media":204803,"comment_status":"closed","ping_status":"closed","sticky":false,"template":"","format":"standard","meta":{"footnotes":""},"categories":[458,459,17988],"tags":[],"class_list":["post-204802","post","type-post","status-publish","format-standard","has-post-thumbnail","","category-dunya1","category-haberler-arap-uluslararasi-politika","category-son-haberler"],"_links":{"self":[{"href":"https:\/\/archive.sana.sy\/tr\/index.php?rest_route=\/wp\/v2\/posts\/204802","targetHints":{"allow":["GET"]}}],"collection":[{"href":"https:\/\/archive.sana.sy\/tr\/index.php?rest_route=\/wp\/v2\/posts"}],"about":[{"href":"https:\/\/archive.sana.sy\/tr\/index.php?rest_route=\/wp\/v2\/types\/post"}],"author":[{"embeddable":true,"href":"https:\/\/archive.sana.sy\/tr\/index.php?rest_route=\/wp\/v2\/users\/1"}],"replies":[{"embeddable":true,"href":"https:\/\/archive.sana.sy\/tr\/index.php?rest_route=%2Fwp%2Fv2%2Fcomments&post=204802"}],"version-history":[{"count":0,"href":"https:\/\/archive.sana.sy\/tr\/index.php?rest_route=\/wp\/v2\/posts\/204802\/revisions"}],"wp:featuredmedia":[{"embeddable":true,"href":"https:\/\/archive.sana.sy\/tr\/index.php?rest_route=\/wp\/v2\/media\/204803"}],"wp:attachment":[{"href":"https:\/\/archive.sana.sy\/tr\/index.php?rest_route=%2Fwp%2Fv2%2Fmedia&parent=204802"}],"wp:term":[{"taxonomy":"category","embeddable":true,"href":"https:\/\/archive.sana.sy\/tr\/index.php?rest_route=%2Fwp%2Fv2%2Fcategories&post=204802"},{"taxonomy":"post_tag","embeddable":true,"href":"https:\/\/archive.sana.sy\/tr\/index.php?rest_route=%2Fwp%2Fv2%2Ftags&post=204802"}],"curies":[{"name":"wp","href":"https:\/\/api.w.org\/{rel}","templated":true}]}}