{"id":204805,"date":"2020-03-11T12:33:19","date_gmt":"2020-03-11T10:33:19","guid":{"rendered":"http:\/\/www.sana.sy\/tr\/?p=204805"},"modified":"2020-04-05T10:59:33","modified_gmt":"2020-04-05T07:59:33","slug":"putin-abdnin-dunya-uzerinde-ozel-ve-munhasir-haklari-yoktur","status":"publish","type":"post","link":"https:\/\/archive.sana.sy\/tr\/?p=204805","title":{"rendered":"Putin: ABD&#8217;nin D\u00fcnya \u00dczerinde \u00d6zel ve M\u00fcnhas\u0131r Haklar\u0131 Yoktur"},"content":{"rendered":"<p>MOSKOVA &#8211; Rusya Devlet Ba\u015fkan\u0131 Vladimir Putin, ABD&#8217;nin belkide d\u00fcnya \u00fczerinde \u00f6zel ve m\u00fcnhas\u0131r haklara sahip oldu\u011funa dayal\u0131 fikrin kabul edilemez oldu\u011funu belirtti.<\/p>\n<p>Rus TASS haber ajans\u0131n\u0131n kendisiyle yapt\u0131\u011f\u0131 r\u00f6portajda Putin, &#8220;zaman i\u00e7inde bir\u00e7ok lider, bir \u00fclkenin yani Amerika Birle\u015fik Devletleri&#8217;nin otoritesini ulusal s\u0131n\u0131rlar\u0131n\u0131 arkas\u0131na uzatmas\u0131n\u0131 reddetmekle ilgili sundu\u011fu fikrine kat\u0131lacaklar\u0131n\u0131&#8221; belirterek, &#8220;halihaz\u0131rda Alman y\u00f6netiminin de, Washington&#8217;un ulusal \u00e7\u0131karlar\u0131n\u0131 s\u00fcrd\u00fcrmelerini \u00f6nlemek i\u00e7in Alman \u015firketlerine yapt\u0131r\u0131m uygulamas\u0131n\u0131n kabul edilebilir olmad\u0131\u011f\u0131n\u0131 belirtt\u011fine&#8221; dikkat \u00e7ekti.<\/p>\n<p>Moskova ve Washington aras\u0131ndaki ili\u015fkilerin iyi ve orta seviye aras\u0131nda de\u011fi\u015fti\u011fine dikkat \u00e7ekerek, &#8220;bu ili\u015fkilerdeki iyi taraflar listesinde ter\u00f6rizmle m\u00fccadele ve son iki y\u0131lda ikili ticaretin b\u00fcy\u00fcmesi konusunda i\u015fbirli\u011finin oldu\u011funu&#8221; s\u00f6yledi.<\/p>\n<p>Putin, ABD&#8217;nin Ukrayna&#8217;y\u0131 Rusya&#8217;ya kar\u015f\u0131 k\u0131\u015fk\u0131rtmaya \u00e7al\u0131\u015ft\u0131\u011f\u0131 konusunda uyard\u0131 ve &#8220;Ukrayna&#8217;n\u0131n sevgisini kazanmay\u0131, karar\u0131n\u0131 kontrol etmeye \u00e7al\u0131\u015ft\u0131klar\u0131n, ayr\u0131ca Moskova&#8217;n\u0131n Avrupa \u00fczerinden Ukrayna&#8217;ya gaz ta\u015f\u0131mak i\u00e7in \u00f6dedi\u011fi paraya at\u0131fta bulunarak param\u0131z\u0131 kullanarak bunu peki\u015ftirmek istediklerini&#8221; s\u00f6yledi.<\/p>\n<p>&#8220;Washington&#8217;un, yaln\u0131zca bencil \u00e7\u0131karlar\u0131na ve Avrupal\u0131 \u200b\u200bt\u00fcketicilerin hesab\u0131 \u00fczerinden \u00fcr\u00fcnlerine bir pazar sa\u011flamak amac\u0131yla Avrupa&#8217;ya gaz ta\u015f\u0131mak i\u00e7in&#8221;Nord Stream 2&#8221; boru hatt\u0131 projesine yapt\u0131r\u0131mlar uygulad\u0131\u011f\u0131n\u0131, ancak fosil yak\u0131tlar\u0131n fiyat\u0131n\u0131n y\u00fczde 25 &#8211; 30 aras\u0131nda artmas\u0131 halinde rekabet\u00e7ili\u011fin zay\u0131flayaca\u011f\u0131n\u0131 ve Alman ekonomisi ile Avrupa ekonomisinin g\u00fcc\u00fcn\u00fc zay\u0131flataca\u011f\u0131n\u0131 belirtti.<\/p>\n","protected":false},"excerpt":{"rendered":"<p>MOSKOVA &#8211; Rusya Devlet Ba\u015fkan\u0131 Vladimir Putin, ABD&#8217;nin belkide d\u00fcnya \u00fczerinde \u00f6zel ve m\u00fcnhas\u0131r haklara sahip oldu\u011funa dayal\u0131 fikrin kabul edilemez oldu\u011funu belirtti. Rus TASS haber ajans\u0131n\u0131n kendisiyle yapt\u0131\u011f\u0131 r\u00f6portajda Putin, &#8220;zaman i\u00e7inde bir\u00e7ok lider, bir \u00fclkenin yani Amerika Birle\u015fik Devletleri&#8217;nin otoritesini ulusal s\u0131n\u0131rlar\u0131n\u0131 arkas\u0131na uzatmas\u0131n\u0131 reddetmekle ilgili sundu\u011fu fikrine kat\u0131lacaklar\u0131n\u0131&#8221; belirterek, &#8220;halihaz\u0131rda Alman y\u00f6netiminin &hellip;<\/p>\n","protected":false},"author":1,"featured_media":204806,"comment_status":"closed","ping_status":"closed","sticky":false,"template":"","format":"standard","meta":{"footnotes":""},"categories":[458,459,17988],"tags":[],"class_list":["post-204805","post","type-post","status-publish","format-standard","has-post-thumbnail","","category-dunya1","category-haberler-arap-uluslararasi-politika","category-son-haberler"],"_links":{"self":[{"href":"https:\/\/archive.sana.sy\/tr\/index.php?rest_route=\/wp\/v2\/posts\/204805","targetHints":{"allow":["GET"]}}],"collection":[{"href":"https:\/\/archive.sana.sy\/tr\/index.php?rest_route=\/wp\/v2\/posts"}],"about":[{"href":"https:\/\/archive.sana.sy\/tr\/index.php?rest_route=\/wp\/v2\/types\/post"}],"author":[{"embeddable":true,"href":"https:\/\/archive.sana.sy\/tr\/index.php?rest_route=\/wp\/v2\/users\/1"}],"replies":[{"embeddable":true,"href":"https:\/\/archive.sana.sy\/tr\/index.php?rest_route=%2Fwp%2Fv2%2Fcomments&post=204805"}],"version-history":[{"count":0,"href":"https:\/\/archive.sana.sy\/tr\/index.php?rest_route=\/wp\/v2\/posts\/204805\/revisions"}],"wp:featuredmedia":[{"embeddable":true,"href":"https:\/\/archive.sana.sy\/tr\/index.php?rest_route=\/wp\/v2\/media\/204806"}],"wp:attachment":[{"href":"https:\/\/archive.sana.sy\/tr\/index.php?rest_route=%2Fwp%2Fv2%2Fmedia&parent=204805"}],"wp:term":[{"taxonomy":"category","embeddable":true,"href":"https:\/\/archive.sana.sy\/tr\/index.php?rest_route=%2Fwp%2Fv2%2Fcategories&post=204805"},{"taxonomy":"post_tag","embeddable":true,"href":"https:\/\/archive.sana.sy\/tr\/index.php?rest_route=%2Fwp%2Fv2%2Ftags&post=204805"}],"curies":[{"name":"wp","href":"https:\/\/api.w.org\/{rel}","templated":true}]}}