{"id":205334,"date":"2020-03-22T13:23:44","date_gmt":"2020-03-22T11:23:44","guid":{"rendered":"http:\/\/www.sana.sy\/tr\/?p=205334"},"modified":"2020-03-26T12:07:40","modified_gmt":"2020-03-26T10:07:40","slug":"cumhurbaskani-esad-22-3-2020-tarihinden-once-islenen-suclar-icin-genel-af-kanunu-cikardi","status":"publish","type":"post","link":"https:\/\/archive.sana.sy\/tr\/?p=205334","title":{"rendered":"Cumhurba\u015fkan\u0131 Esad, 22\/3\/2020 Tarihinden \u00d6nce \u0130\u015flenen Su\u00e7lar \u0130\u00e7in Genel Af Kanunu \u00c7\u0131kard\u0131"},"content":{"rendered":"<p>\u015eAM &#8211; Cumhurba\u015fkan\u0131 Be\u015f\u015far Esad bug\u00fcn, 23 Mart 2020 tarihinden \u00f6nce i\u015flenen su\u00e7lar i\u00e7in 2020 y\u0131l\u0131 6 say\u0131l\u0131 Kanun H\u00fckm\u00fcnde Kararname&#8217;yi yay\u0131mlayarak genel af ilan etti.<\/p>\n","protected":false},"excerpt":{"rendered":"<p>\u015eAM &#8211; Cumhurba\u015fkan\u0131 Be\u015f\u015far Esad bug\u00fcn, 23 Mart 2020 tarihinden \u00f6nce i\u015flenen su\u00e7lar i\u00e7in 2020 y\u0131l\u0131 6 say\u0131l\u0131 Kanun H\u00fckm\u00fcnde Kararname&#8217;yi yay\u0131mlayarak genel af ilan etti.<\/p>\n","protected":false},"author":1,"featured_media":205335,"comment_status":"closed","ping_status":"closed","sticky":false,"template":"","format":"standard","meta":{"footnotes":""},"categories":[17988,599],"tags":[],"class_list":["post-205334","post","type-post","status-publish","format-standard","has-post-thumbnail","","category-son-haberler","category-yasama-ve-kanunlar"],"_links":{"self":[{"href":"https:\/\/archive.sana.sy\/tr\/index.php?rest_route=\/wp\/v2\/posts\/205334","targetHints":{"allow":["GET"]}}],"collection":[{"href":"https:\/\/archive.sana.sy\/tr\/index.php?rest_route=\/wp\/v2\/posts"}],"about":[{"href":"https:\/\/archive.sana.sy\/tr\/index.php?rest_route=\/wp\/v2\/types\/post"}],"author":[{"embeddable":true,"href":"https:\/\/archive.sana.sy\/tr\/index.php?rest_route=\/wp\/v2\/users\/1"}],"replies":[{"embeddable":true,"href":"https:\/\/archive.sana.sy\/tr\/index.php?rest_route=%2Fwp%2Fv2%2Fcomments&post=205334"}],"version-history":[{"count":0,"href":"https:\/\/archive.sana.sy\/tr\/index.php?rest_route=\/wp\/v2\/posts\/205334\/revisions"}],"wp:featuredmedia":[{"embeddable":true,"href":"https:\/\/archive.sana.sy\/tr\/index.php?rest_route=\/wp\/v2\/media\/205335"}],"wp:attachment":[{"href":"https:\/\/archive.sana.sy\/tr\/index.php?rest_route=%2Fwp%2Fv2%2Fmedia&parent=205334"}],"wp:term":[{"taxonomy":"category","embeddable":true,"href":"https:\/\/archive.sana.sy\/tr\/index.php?rest_route=%2Fwp%2Fv2%2Fcategories&post=205334"},{"taxonomy":"post_tag","embeddable":true,"href":"https:\/\/archive.sana.sy\/tr\/index.php?rest_route=%2Fwp%2Fv2%2Ftags&post=205334"}],"curies":[{"name":"wp","href":"https:\/\/api.w.org\/{rel}","templated":true}]}}