{"id":205338,"date":"2020-03-22T13:33:22","date_gmt":"2020-03-22T11:33:22","guid":{"rendered":"http:\/\/www.sana.sy\/tr\/?p=205338"},"modified":"2020-03-26T12:07:39","modified_gmt":"2020-03-26T10:07:39","slug":"saglik-bakani-simdiye-kadar-korona-virusu-vakasi-yok-uygunluk-ve-mudahale-onlemlerini-artirmaya-devam-ediyoruz-video","status":"publish","type":"post","link":"https:\/\/archive.sana.sy\/tr\/?p=205338","title":{"rendered":"Sa\u011fl\u0131k Bakan\u0131: \u015eimdiye Kadar Korona Vir\u00fcs\u00fc Vakas\u0131 Yok, Uygunluk ve M\u00fcdahale \u00d6nlemlerini Art\u0131rmaya Devam Ediyoruz &#8211; Video"},"content":{"rendered":"<p style=\"text-align: justify;\">\u015eAM &#8211; Sa\u011fl\u0131k Bakan\u0131 Dr.Nizar Yaz\u0131c\u0131, bu noktaya kadar halk sa\u011fl\u0131\u011f\u0131 laboratuvarlar\u0131 taraf\u0131ndan yap\u0131lan t\u00fcm testlerin sonu\u00e7lar\u0131n\u0131n negatif oldu\u011funu ve herhangi bir enfeksiyon kaydedilmedi\u011fini belirterek, ihtiyati tedbirlerin al\u0131nmas\u0131n\u0131n ve yeni Korona vir\u00fcs\u00fc ile m\u00fccadeleye haz\u0131r olman\u0131n devam etti\u011fine i\u015faret etti.<\/p>\n<p style=\"text-align: justify;\">Bakan Yaz\u0131c\u0131, Bakanlar Kurulu Ba\u015fkanl\u0131\u011f\u0131&#8217;nda gazetecilere verdi\u011fi deme\u00e7te, Bakanl\u0131k laboratuvar\u0131nda analiz i\u00e7in gerekli smearlar\u0131 almak ve durumlar\u0131n\u0131 kontrol etmek, tamamen ve periyodik olarak kontrol etmek i\u00e7in entegre bir sa\u011fl\u0131k personeli ile bir izolasyon merkezi olarak belirlenen Zebedani Ulusal Hastanesi yan\u0131 s\u0131ra, vaka bulunan \u00fclkelerden gelen Suriyelileri karantinaya almak ve 14 g\u00fcn boyunca i\u00e7ine yerle\u015ftirmek i\u00e7in ba\u015fka yerlerin haz\u0131rl\u0131\u011f\u0131n\u0131 art\u0131rmak i\u00e7in \u00e7al\u0131\u015ft\u0131\u011f\u0131n\u0131 s\u00f6yledi.<\/p>\n<p style=\"text-align: justify;\">Sa\u011fl\u0131k Bakan\u0131, di\u011fer bakanl\u0131klarla koordinasyonun ger\u00e7ekle\u015fti\u011fini, b\u00f6ylece evlerde vatanda\u015flar\u0131n hayatta kalmas\u0131 i\u00e7in kontroller kurarak Coronavir\u00fcs ile m\u00fccadele s\u00fcrecinin tam olarak b\u00fct\u00fcnle\u015febilece\u011fini, \u00e7\u00fcnk\u00fc bu hastal\u0131\u011f\u0131n herhangi bir a\u015famada herhangi bir enfeksiyon veya yay\u0131lmamas\u0131 i\u00e7in ger\u00e7ek bir \u00f6nleme oldu\u011funu belirtti.<\/p>\n<p style=\"text-align: justify;\">Bakan Yaz\u0131c\u0131, her ilde vatanda\u015flara tam hizmet sunmaya haz\u0131r olarak izole edilmi\u015f bir karantina yeri ve ba\u015fka bir izolasyon yeri bulundu\u011funu belirterek, karantina yerleri aras\u0131nda hareket etmek i\u00e7in \u00f6zel bir sa\u011fl\u0131k ekibinin olaca\u011f\u0131n\u0131, yal\u0131t\u0131m yerlerinin ise hizmeti tam olarak sa\u011flayacak \u00f6zel bir sa\u011fl\u0131k ekibinin olaca\u011f\u0131n\u0131 vurgulad\u0131.<\/p>\n<p><iframe loading=\"lazy\" src=\"https:\/\/www.youtube.com\/embed\/v6GqI5aFpqA\" width=\"620\" height=\"347\" frameborder=\"0\" allowfullscreen=\"allowfullscreen\"><\/iframe><\/p>\n","protected":false},"excerpt":{"rendered":"<p>\u015eAM &#8211; Sa\u011fl\u0131k Bakan\u0131 Dr.Nizar Yaz\u0131c\u0131, bu noktaya kadar halk sa\u011fl\u0131\u011f\u0131 laboratuvarlar\u0131 taraf\u0131ndan yap\u0131lan t\u00fcm testlerin sonu\u00e7lar\u0131n\u0131n negatif oldu\u011funu ve herhangi bir enfeksiyon kaydedilmedi\u011fini belirterek, ihtiyati tedbirlerin al\u0131nmas\u0131n\u0131n ve yeni Korona vir\u00fcs\u00fc ile m\u00fccadeleye haz\u0131r olman\u0131n devam etti\u011fine i\u015faret etti. Bakan Yaz\u0131c\u0131, Bakanlar Kurulu Ba\u015fkanl\u0131\u011f\u0131&#8217;nda gazetecilere verdi\u011fi deme\u00e7te, Bakanl\u0131k laboratuvar\u0131nda analiz i\u00e7in gerekli smearlar\u0131 almak &hellip;<\/p>\n","protected":false},"author":1,"featured_media":205339,"comment_status":"closed","ping_status":"closed","sticky":false,"template":"","format":"standard","meta":{"footnotes":""},"categories":[479,17988,478],"tags":[],"class_list":["post-205338","post","type-post","status-publish","format-standard","has-post-thumbnail","","category-haberler-yerel","category-son-haberler","category-yerel"],"_links":{"self":[{"href":"https:\/\/archive.sana.sy\/tr\/index.php?rest_route=\/wp\/v2\/posts\/205338","targetHints":{"allow":["GET"]}}],"collection":[{"href":"https:\/\/archive.sana.sy\/tr\/index.php?rest_route=\/wp\/v2\/posts"}],"about":[{"href":"https:\/\/archive.sana.sy\/tr\/index.php?rest_route=\/wp\/v2\/types\/post"}],"author":[{"embeddable":true,"href":"https:\/\/archive.sana.sy\/tr\/index.php?rest_route=\/wp\/v2\/users\/1"}],"replies":[{"embeddable":true,"href":"https:\/\/archive.sana.sy\/tr\/index.php?rest_route=%2Fwp%2Fv2%2Fcomments&post=205338"}],"version-history":[{"count":0,"href":"https:\/\/archive.sana.sy\/tr\/index.php?rest_route=\/wp\/v2\/posts\/205338\/revisions"}],"wp:featuredmedia":[{"embeddable":true,"href":"https:\/\/archive.sana.sy\/tr\/index.php?rest_route=\/wp\/v2\/media\/205339"}],"wp:attachment":[{"href":"https:\/\/archive.sana.sy\/tr\/index.php?rest_route=%2Fwp%2Fv2%2Fmedia&parent=205338"}],"wp:term":[{"taxonomy":"category","embeddable":true,"href":"https:\/\/archive.sana.sy\/tr\/index.php?rest_route=%2Fwp%2Fv2%2Fcategories&post=205338"},{"taxonomy":"post_tag","embeddable":true,"href":"https:\/\/archive.sana.sy\/tr\/index.php?rest_route=%2Fwp%2Fv2%2Ftags&post=205338"}],"curies":[{"name":"wp","href":"https:\/\/api.w.org\/{rel}","templated":true}]}}