{"id":20537,"date":"2015-01-12T19:35:33","date_gmt":"2015-01-12T17:35:33","guid":{"rendered":"http:\/\/sana.sy\/tr\/?p=20537"},"modified":"2015-01-12T19:35:33","modified_gmt":"2015-01-12T17:35:33","slug":"isid-ceteleri-hasekede-bir-vatandasin-evini-havaya-ucurdu","status":"publish","type":"post","link":"https:\/\/archive.sana.sy\/tr\/?p=20537","title":{"rendered":"I\u015e\u0130D \u00c7eteleri Haseke\u2019de Bir Vatanda\u015f\u0131n Evini Havaya U\u00e7urdu"},"content":{"rendered":"<p>HASEKE \u2013 I\u015e\u0130D \u00e7eteleri Haseke Kentinin 15 km bat\u0131s\u0131na d\u00fc\u015fen el A\u015fra K\u00f6y\u00fcnde; \u2018I\u015e\u0130D\u2019e kar\u015f\u0131 operasyonlara kat\u0131ld\u0131\u011f\u0131\u2019 gerek\u00e7esiyle sivil bir vatanda\u015f\u0131n evini havaya u\u00e7urdu.<\/p>\n<p>Yerel kaynaklar SANA\u2019n\u0131n Haseke muhabirine a\u00e7\u0131klamalar\u0131nda; I\u015e\u0130D\u2019li ter\u00f6ristlerin d\u00fcn ak\u015fam saatlerinde k\u00f6ye bask\u0131n yapt\u0131klar\u0131n\u0131 ve \u2018Fehmi el Tayyavi\u2019 adl\u0131 sivil vatanda\u015f\u0131n evini havaya u\u00e7urduklar\u0131n\u0131 ifade etti.<\/p>\n<p>Bu arada I\u015e\u0130D \u00e7eteleri Haseke k\u0131rsal\u0131nda ahaliye kar\u015f\u0131 dayatmalarda bulunup karanl\u0131k d\u00fc\u015f\u00fcncelerini yaymaya \u00e7al\u0131\u015f\u0131rken vatanda\u015flara, \u00f6zel ve kamu m\u00fclklere kar\u015f\u0131 ter\u00f6r eylemlerinde bulunmaktalar.<\/p>\n<p><span style=\"color: #0000ff\">Haresta B\u00f6lgesinde Otobandan Ge\u00e7en Araca Ate\u015f A\u00e7t\u0131lar<\/span><\/p>\n<p>\u00d6te yandan \u015eam Emniyet M\u00fcd\u00fcrl\u00fc\u011f\u00fcnde bir kaynak \u015eam k\u0131rsal\u0131 Haresta B\u00f6lgesinde uluslar aras\u0131 otoban \u00fczerinde Su Kaynaklar\u0131 Binas\u0131\u200f mukabilinde keskin ni\u015fanc\u0131 bir ter\u00f6ristin yol ge\u00e7en bir minib\u00fcse ate\u015f a\u00e7t\u0131\u011f\u0131n\u0131 belirtti.<\/p>\n<p>Kaynak a\u00e7\u0131lan ate\u015f sonucunda bir vatanda\u015f\u0131n yaraland\u0131\u011f\u0131n\u0131 belirtti.<\/p>\n<p>&nbsp;<\/p>\n","protected":false},"excerpt":{"rendered":"<p>HASEKE \u2013 I\u015e\u0130D \u00e7eteleri Haseke Kentinin 15 km bat\u0131s\u0131na d\u00fc\u015fen el A\u015fra K\u00f6y\u00fcnde; \u2018I\u015e\u0130D\u2019e kar\u015f\u0131 operasyonlara kat\u0131ld\u0131\u011f\u0131\u2019 gerek\u00e7esiyle sivil bir vatanda\u015f\u0131n evini havaya u\u00e7urdu. Yerel kaynaklar SANA\u2019n\u0131n Haseke muhabirine a\u00e7\u0131klamalar\u0131nda; I\u015e\u0130D\u2019li ter\u00f6ristlerin d\u00fcn ak\u015fam saatlerinde k\u00f6ye bask\u0131n yapt\u0131klar\u0131n\u0131 ve \u2018Fehmi el Tayyavi\u2019 adl\u0131 sivil vatanda\u015f\u0131n evini havaya u\u00e7urduklar\u0131n\u0131 ifade etti. Bu arada I\u015e\u0130D \u00e7eteleri Haseke &hellip;<\/p>\n","protected":false},"author":1,"featured_media":20538,"comment_status":"closed","ping_status":"closed","sticky":false,"template":"","format":"standard","meta":{"footnotes":""},"categories":[575],"tags":[9871,9872],"class_list":["post-20537","post","type-post","status-publish","format-standard","has-post-thumbnail","","category-olaylar-ve-gercekler","tag-isid-ceteleri-hasekede-bir-vatandasin-evini-havaya-ucurdu-haseke-isid-ceteleri-haseke-kentinin-15-km-batisina-dusen-el-asra-koyunde-iside-karsi-operasyonlara-kati","tag-ozel-ve-kamu-mulklere-karsi-teror-eylemlerinde-bulunmaktalar-haresta-bolgesinde-otobandan-gecen-araca-ates-actilar-ote-yandan-sam-emniyet-mudurlugunde-bir-kaynak-sam-kirsali-haresta-bolgesinde-ulusla"],"_links":{"self":[{"href":"https:\/\/archive.sana.sy\/tr\/index.php?rest_route=\/wp\/v2\/posts\/20537","targetHints":{"allow":["GET"]}}],"collection":[{"href":"https:\/\/archive.sana.sy\/tr\/index.php?rest_route=\/wp\/v2\/posts"}],"about":[{"href":"https:\/\/archive.sana.sy\/tr\/index.php?rest_route=\/wp\/v2\/types\/post"}],"author":[{"embeddable":true,"href":"https:\/\/archive.sana.sy\/tr\/index.php?rest_route=\/wp\/v2\/users\/1"}],"replies":[{"embeddable":true,"href":"https:\/\/archive.sana.sy\/tr\/index.php?rest_route=%2Fwp%2Fv2%2Fcomments&post=20537"}],"version-history":[{"count":0,"href":"https:\/\/archive.sana.sy\/tr\/index.php?rest_route=\/wp\/v2\/posts\/20537\/revisions"}],"wp:featuredmedia":[{"embeddable":true,"href":"https:\/\/archive.sana.sy\/tr\/index.php?rest_route=\/wp\/v2\/media\/20538"}],"wp:attachment":[{"href":"https:\/\/archive.sana.sy\/tr\/index.php?rest_route=%2Fwp%2Fv2%2Fmedia&parent=20537"}],"wp:term":[{"taxonomy":"category","embeddable":true,"href":"https:\/\/archive.sana.sy\/tr\/index.php?rest_route=%2Fwp%2Fv2%2Fcategories&post=20537"},{"taxonomy":"post_tag","embeddable":true,"href":"https:\/\/archive.sana.sy\/tr\/index.php?rest_route=%2Fwp%2Fv2%2Ftags&post=20537"}],"curies":[{"name":"wp","href":"https:\/\/api.w.org\/{rel}","templated":true}]}}