{"id":20543,"date":"2015-01-12T20:55:09","date_gmt":"2015-01-12T18:55:09","guid":{"rendered":"http:\/\/sana.sy\/tr\/?p=20543"},"modified":"2015-01-12T21:02:37","modified_gmt":"2015-01-12T19:02:37","slug":"suriyeye-iliskin-gercekleri-carpitmak-icin-her-cabayi-gosteriyor","status":"publish","type":"post","link":"https:\/\/archive.sana.sy\/tr\/?p=20543","title":{"rendered":"Suriye&#8217;ye \u0130li\u015fkin Ger\u00e7ekleri \u00c7arp\u0131tmak \u0130\u00e7in Her \u00c7abay\u0131 G\u00f6steriyor"},"content":{"rendered":"<p>\u015eAM \u2013 Enformasyon Bakanl\u0131\u011f\u0131nda yetkili bir kaynak Alman Der Spiegel Dergisinin, \u2018Suriye&#8217;ye ili\u015fkin ger\u00e7ekleri \u00e7arp\u0131tmak ve as\u0131ls\u0131z haberler yaymak amac\u0131yla\u2019 her t\u00fcrl\u00fc \u00e7abay\u0131 harcamaktan \u00e7ekinmedi\u011fine dikkat \u00e7ekti.<\/p>\n<p>Bug\u00fcn SANA\u2019ya a\u00e7\u0131klama yapan kaynak s\u00f6z konusu derginin son say\u0131s\u0131nda \u2018Suriye&#8217;nin n\u00fckleer santral in\u015fa etmekte oldu\u011fu\u2019 y\u00f6n\u00fcnde as\u0131ls\u0131z ve ger\u00e7ek d\u0131\u015f\u0131 bir haber yay\u0131nlad\u0131\u011f\u0131na i\u015faret ederek, bu haberin c\u00fcmleten ve ayr\u0131nt\u0131lar\u0131yla tamamen as\u0131ls\u0131z oldu\u011funu belirtti.<\/p>\n<p>Suriye&#8217;nin bu as\u0131ls\u0131z iddialar\u0131 tamamen yalanlad\u0131\u011f\u0131n\u0131 ifade eden kaynak; ayr\u0131ca halk\u0131n\u0131 ve topra\u011f\u0131n\u0131 hedef alan evrensel sava\u015f kapsam\u0131nda geldi\u011fine dikkat \u00e7ekti\u011finin alt\u0131n\u0131 \u00e7izdi.<\/p>\n<p>Kaynak bu gibi as\u0131ls\u0131z haberlerin Suriye ve halk\u0131na y\u00f6nelik sava\u015fta Suriyelilerin kanlar\u0131n\u0131n ak\u0131t\u0131lmas\u0131 su\u00e7unda ortak olan kimi medya ara\u00e7lar\u0131 ve b\u00f6lge rejimlerinin dezenformasyon, kamuoyunu provoke etme ve bask\u0131 uygulama \u00e7er\u00e7evesinde oldu\u011funa vurgu yapt\u0131.<\/p>\n<p>&nbsp;<\/p>\n","protected":false},"excerpt":{"rendered":"<p>\u015eAM \u2013 Enformasyon Bakanl\u0131\u011f\u0131nda yetkili bir kaynak Alman Der Spiegel Dergisinin, \u2018Suriye&#8217;ye ili\u015fkin ger\u00e7ekleri \u00e7arp\u0131tmak ve as\u0131ls\u0131z haberler yaymak amac\u0131yla\u2019 her t\u00fcrl\u00fc \u00e7abay\u0131 harcamaktan \u00e7ekinmedi\u011fine dikkat \u00e7ekti. Bug\u00fcn SANA\u2019ya a\u00e7\u0131klama yapan kaynak s\u00f6z konusu derginin son say\u0131s\u0131nda \u2018Suriye&#8217;nin n\u00fckleer santral in\u015fa etmekte oldu\u011fu\u2019 y\u00f6n\u00fcnde as\u0131ls\u0131z ve ger\u00e7ek d\u0131\u015f\u0131 bir haber yay\u0131nlad\u0131\u011f\u0131na i\u015faret ederek, bu haberin &hellip;<\/p>\n","protected":false},"author":1,"featured_media":20545,"comment_status":"closed","ping_status":"closed","sticky":false,"template":"","format":"standard","meta":{"footnotes":""},"categories":[479,447,478],"tags":[9878,9879,9880,9877],"class_list":["post-20543","post","type-post","status-publish","format-standard","has-post-thumbnail","","category-haberler-yerel","category-politika","category-yerel","tag-suriyeye-iliskin-gercekleri-carpitmak-ve-asilsiz-haberler-yaymak-amaciyla-her-turlu-cabayi-harcamaktan-cekinmedigine-dikkat-cekti-bugun-sanaya-aciklama-yapan-kaynak-soz-ko","tag-bu-haberin-cumleten-ve-ayrintilariyla-tamamen-asilsiz-oldugunu-belirtti-suriyenin-bu-asilsiz-iddialari-tamamen-yalanladigini-ifade-eden-kaynak-ayrica-halkini-ve-topragini-hedef-alan-evrensel-savas","tag-kamuoyunu-provoke-etme-ve-baski-uygulama-cercevesinde-olduguna-vurgu-yapti","tag-suriyeye-iliskin-gercekleri-carpitmak-icin-her-cabayi-gosteriyor-sam-enformasyon-bakanliginda-yetkili-bir-kaynak-alman-der-spiegel-dergisinin"],"_links":{"self":[{"href":"https:\/\/archive.sana.sy\/tr\/index.php?rest_route=\/wp\/v2\/posts\/20543","targetHints":{"allow":["GET"]}}],"collection":[{"href":"https:\/\/archive.sana.sy\/tr\/index.php?rest_route=\/wp\/v2\/posts"}],"about":[{"href":"https:\/\/archive.sana.sy\/tr\/index.php?rest_route=\/wp\/v2\/types\/post"}],"author":[{"embeddable":true,"href":"https:\/\/archive.sana.sy\/tr\/index.php?rest_route=\/wp\/v2\/users\/1"}],"replies":[{"embeddable":true,"href":"https:\/\/archive.sana.sy\/tr\/index.php?rest_route=%2Fwp%2Fv2%2Fcomments&post=20543"}],"version-history":[{"count":0,"href":"https:\/\/archive.sana.sy\/tr\/index.php?rest_route=\/wp\/v2\/posts\/20543\/revisions"}],"wp:featuredmedia":[{"embeddable":true,"href":"https:\/\/archive.sana.sy\/tr\/index.php?rest_route=\/wp\/v2\/media\/20545"}],"wp:attachment":[{"href":"https:\/\/archive.sana.sy\/tr\/index.php?rest_route=%2Fwp%2Fv2%2Fmedia&parent=20543"}],"wp:term":[{"taxonomy":"category","embeddable":true,"href":"https:\/\/archive.sana.sy\/tr\/index.php?rest_route=%2Fwp%2Fv2%2Fcategories&post=20543"},{"taxonomy":"post_tag","embeddable":true,"href":"https:\/\/archive.sana.sy\/tr\/index.php?rest_route=%2Fwp%2Fv2%2Ftags&post=20543"}],"curies":[{"name":"wp","href":"https:\/\/api.w.org\/{rel}","templated":true}]}}