{"id":20547,"date":"2015-01-12T23:59:23","date_gmt":"2015-01-12T21:59:23","guid":{"rendered":"http:\/\/www.sana.sy\/tr\/?p=20547"},"modified":"2015-01-14T08:25:13","modified_gmt":"2015-01-14T06:25:13","slug":"tekfirci-ve-hain-teroristlere-yonelik-operasyonlar-devam-ediyor","status":"publish","type":"post","link":"https:\/\/archive.sana.sy\/tr\/?p=20547","title":{"rendered":"Tekfirci ve Hain Ter\u00f6ristlere Y\u00f6nelik Operasyonlar Devam Ediyor"},"content":{"rendered":"<p>\u0130LLER \u2013 Yurdun muhtelif b\u00f6lgelerinde tekfirci ve hain ter\u00f6r \u00f6rg\u00fctlere y\u00f6nelik operasyonlar\u0131n\u0131 d\u00fcn\u00a0ba\u015far\u0131yla s\u00fcrd\u00fcren ordu birliklerimiz bir\u00e7ok b\u00f6lgede onlar\u0131 a\u011f\u0131r be\u015feri kay\u0131plara u\u011fratt\u0131.<\/p>\n<p><span style=\"color: #0000ff\">\u015eam K\u0131rsal\u0131nda T\u00fcnel ve Cephanelikleri \u0130mha Edildi<\/span><\/p>\n<p>Ordu birliklerimiz \u015eam k\u0131rsal\u0131n\u0131n do\u011fusu Haresta\u2019da tekfirci ve hain ter\u00f6ristlere ait bir\u00e7ok karargah\u0131n yan\u0131 s\u0131ra bir t\u00fcnel ve bir m\u00fchimmat deposunu imha etti.<\/p>\n<p>Do\u011fu \u011euta\u2019n\u0131n Zemelke ve Duma \u00c7iftliklerinde ise ordu birliklerimiz bir k\u0131sm\u0131 Suudi Arabistanl\u0131 olan \u00e7ok say\u0131da ter\u00f6risti etkisizle\u015ftirdi.<\/p>\n<p>Ordu birliklerimiz Duma B\u00f6lgesindeki Reyhan \u00c7iftliklerinde geneli yabanc\u0131 olan ve \u2018\u0130slam Ordusu\u2019 ad\u0131yla bilinen ter\u00f6r \u00e7etelerine tabi karargahlar\u0131 i\u00e7indeki ter\u00f6rist ve cephaneyle birlikte imha etti.<\/p>\n<p><span style=\"color: #0000ff\">Homs K\u0131rsal\u0131nda Onlarca Ter\u00f6rist \u00d6ld\u00fcr\u00fcld\u00fc<\/span><\/p>\n<p>Askeri bir kaynak SANA\u2019ya a\u00e7\u0131klamas\u0131nda ordu birliklerimizin Homs k\u0131rsal\u0131n\u0131n do\u011fusu Rhum K\u00f6y\u00fcne ilaveten Rhum ile Ebu Hvadeyt k\u00f6yleri aras\u0131nda \u00e7ok say\u0131da ter\u00f6risti \u00f6l\u00fc ve yaral\u0131 d\u00fc\u015f\u00fcrd\u00fcklerini ifade etti.<\/p>\n<p><span style=\"color: #0000ff\">Deyrezzor\u2019da I\u015e\u0130D \u00c7eteleri A\u011f\u0131r Kay\u0131plara U\u011frat\u0131ld\u0131<\/span><\/p>\n<p>Askeri kaynak ordu birliklerimizin Deyrezzor Kentinin Huveyka, Sanayi, R\u00fc\u015fdiye, Hmeydiye ve Urfi semtlerinde I\u015e\u0130D \u00e7etelerinin mevkilerini hedef al\u0131p onlar\u0131 a\u011f\u0131r be\u015feri kay\u0131plara u\u011fratt\u0131klar\u0131n\u0131 belirtti.<\/p>\n<p>Deyrezzor k\u0131rsal\u0131n\u0131n Mureyiye, Cafra, Albu\u00f6mer, Ayya\u015f, Hrayta, \u015euvla, M\u011fayra el Nasara, Tibna, A\u015f\u015fara, H\u00fcseyniye ve Mayadin b\u00f6lgelerinde I\u015e\u0130D ter\u00f6ristlerini hedef alan operasyonlar\u0131nda ordu birliklerimiz onlarca ter\u00f6risti \u00f6l\u00fc d\u00fc\u015f\u00fcr\u00fcrken, onlarcas\u0131n\u0131 da yaralad\u0131. Operasyonlarda bir z\u0131rhl\u0131 arac\u0131n yan\u0131 s\u0131ra a\u011f\u0131r makineli silahlarla donat\u0131lm\u0131\u015f 7 ara\u00e7, iki top ve F\u0131rat Nehrinde de iki tekneyi ta\u015f\u0131d\u0131klar\u0131 ter\u00f6rist ve cephaneyle birlikte imha edildi.<\/p>\n<p><span style=\"color: #0000ff\">Rakka\u2019da Ara\u00e7 Konvoylar\u0131 Bombaland\u0131<\/span><\/p>\n<p>\u00d6te yandan ordu birliklerimiz Rakka ve Meyadin b\u00f6lgelerinden Deyrezzor istikametinde hareket eden I\u015e\u0130D \u00e7etelerine ait bir\u00e7ok ara\u00e7 konvoyunu hedef ald\u0131.<\/p>\n<p>Saha kaynaklar\u0131 operasyonlarda I\u015e\u0130D tekfircilerine ait z\u0131rhl\u0131 ara\u00e7 ve pikap\u2019\u0131n y\u00fckleriyle birlikte imha edilerek olduk\u00e7a y\u00fcksek say\u0131da ter\u00f6ristin etkisizle\u015ftirildi\u011fini aktard\u0131.<\/p>\n","protected":false},"excerpt":{"rendered":"<p>\u0130LLER \u2013 Yurdun muhtelif b\u00f6lgelerinde tekfirci ve hain ter\u00f6r \u00f6rg\u00fctlere y\u00f6nelik operasyonlar\u0131n\u0131 d\u00fcn\u00a0ba\u015far\u0131yla s\u00fcrd\u00fcren ordu birliklerimiz bir\u00e7ok b\u00f6lgede onlar\u0131 a\u011f\u0131r be\u015feri kay\u0131plara u\u011fratt\u0131. \u015eam K\u0131rsal\u0131nda T\u00fcnel ve Cephanelikleri \u0130mha Edildi Ordu birliklerimiz \u015eam k\u0131rsal\u0131n\u0131n do\u011fusu Haresta\u2019da tekfirci ve hain ter\u00f6ristlere ait bir\u00e7ok karargah\u0131n yan\u0131 s\u0131ra bir t\u00fcnel ve bir m\u00fchimmat deposunu imha etti. Do\u011fu \u011euta\u2019n\u0131n &hellip;<\/p>\n","protected":false},"author":1,"featured_media":20548,"comment_status":"closed","ping_status":"closed","sticky":false,"template":"","format":"standard","meta":{"footnotes":""},"categories":[575],"tags":[9883,9889,9884,8219,9882,9885,9890,9892,9887,9891,3419,4306,9886,9881,9888],"class_list":["post-20547","post","type-post","status-publish","format-standard","has-post-thumbnail","","category-olaylar-ve-gercekler","tag-albuomer","tag-assara","tag-ayyas","tag-cafra","tag-hmeydiye-ve-urfi-semtlerinde-isid-cetelerinin-mevkilerini-hedef-alip-onlari-agir-beseri-kayiplara-ugrattiklarini-belirtti-deyrezzor-kirsalinin-mureyiye","tag-hrayta","tag-huseyniye-ve-mayadin-bolgelerinde-isid-teroristlerini-hedef-alan-operasyonlarinda-ordu-birliklerimiz-onlarca-teroristi-olu-dusururken","tag-iki-top-ve-firat-nehrinde-de-iki-tekneyi-tasidiklari-terorist-ve-cephaneyle-birlikte-imha-edildi-rakkada-arac-konvoylari-bombalandi-ote-yandan-ordu-birliklerimiz-rakka-ve-meyadin-bolgelerind","tag-mgayra-el-nasara","tag-onlarcasini-da-yaraladi-operasyonlarda-bir-zirhli-aracin-yani-sira-agir-makineli-silahlarla-donatilmis-7-arac","tag-rusdiye","tag-sanayi","tag-suvla","tag-tekfirci-ve-hain-teroristlere-yonelik-operasyonlar-devam-ediyor-iller-yurdun-muhtelif-bolgelerinde-tekfirci-ve-hain-teror-orgutlere-yonelik-operasyonlarini-bugun-basariyla-surduren-ordu-birl","tag-tibna"],"_links":{"self":[{"href":"https:\/\/archive.sana.sy\/tr\/index.php?rest_route=\/wp\/v2\/posts\/20547","targetHints":{"allow":["GET"]}}],"collection":[{"href":"https:\/\/archive.sana.sy\/tr\/index.php?rest_route=\/wp\/v2\/posts"}],"about":[{"href":"https:\/\/archive.sana.sy\/tr\/index.php?rest_route=\/wp\/v2\/types\/post"}],"author":[{"embeddable":true,"href":"https:\/\/archive.sana.sy\/tr\/index.php?rest_route=\/wp\/v2\/users\/1"}],"replies":[{"embeddable":true,"href":"https:\/\/archive.sana.sy\/tr\/index.php?rest_route=%2Fwp%2Fv2%2Fcomments&post=20547"}],"version-history":[{"count":0,"href":"https:\/\/archive.sana.sy\/tr\/index.php?rest_route=\/wp\/v2\/posts\/20547\/revisions"}],"wp:featuredmedia":[{"embeddable":true,"href":"https:\/\/archive.sana.sy\/tr\/index.php?rest_route=\/wp\/v2\/media\/20548"}],"wp:attachment":[{"href":"https:\/\/archive.sana.sy\/tr\/index.php?rest_route=%2Fwp%2Fv2%2Fmedia&parent=20547"}],"wp:term":[{"taxonomy":"category","embeddable":true,"href":"https:\/\/archive.sana.sy\/tr\/index.php?rest_route=%2Fwp%2Fv2%2Fcategories&post=20547"},{"taxonomy":"post_tag","embeddable":true,"href":"https:\/\/archive.sana.sy\/tr\/index.php?rest_route=%2Fwp%2Fv2%2Ftags&post=20547"}],"curies":[{"name":"wp","href":"https:\/\/api.w.org\/{rel}","templated":true}]}}