{"id":20550,"date":"2015-01-12T23:55:29","date_gmt":"2015-01-12T21:55:29","guid":{"rendered":"http:\/\/www.sana.sy\/tr\/?p=20550"},"modified":"2015-01-12T23:55:29","modified_gmt":"2015-01-12T21:55:29","slug":"krizin-siyasi-cozum-calismalarini-hizlandirma-meselesi-tartisildi","status":"publish","type":"post","link":"https:\/\/archive.sana.sy\/tr\/?p=20550","title":{"rendered":"Krizin Siyasi \u00c7\u00f6z\u00fcm \u00c7al\u0131\u015fmalar\u0131n\u0131 H\u0131zland\u0131rma Meselesi Tart\u0131\u015f\u0131ld\u0131"},"content":{"rendered":"<p>MOSKOVA \u2013 Rusya Ba\u015fkan\u0131n\u0131n Ortado\u011fu ve Afrika \u00d6zel Temsilcisi ve D\u0131\u015fi\u015fleri Bakan\u0131 Yard\u0131mc\u0131s\u0131 Mikhail Bogdanov bug\u00fcn Suriye\u2019nin Moskova\u2019daki B\u00fcy\u00fckel\u00e7isi Riyad Haddad ile bir araya gelerek, Suriye\u2019de ya\u015fanan krizin \u00e7\u00f6z\u00fclmesi amac\u0131yla Moskova\u2019da Suriye H\u00fck\u00fcmeti ile muhalefet aras\u0131nda isti\u015fare g\u00f6r\u00fc\u015fmeleri d\u00fczenlenmesi konusunu inceledi.<\/p>\n<p>Rusya D\u0131\u015fi\u015fleri Bakanl\u0131\u011f\u0131 bug\u00fcn yay\u0131nlad\u0131\u011f\u0131 beyanda Bogdanov ile Haddad aras\u0131ndaki g\u00f6r\u00fc\u015fmede Ocak ay\u0131n\u0131n sonlar\u0131na do\u011fru Suriyeli taraflar\u0131n Moskova\u2019da bir araya gelerek Suriye\u2019de ya\u015fanmakta olan krizin siyasi \u00e7\u00f6z\u00fcm\u00fcn\u00fc h\u0131zland\u0131rma meselesini tart\u0131\u015ft\u0131klar\u0131n\u0131 aktard\u0131.<\/p>\n<p>Hat\u0131rlanaca\u011f\u0131 \u00fczere Bogdanov ge\u00e7ti\u011fimiz ay\u0131n sonunda da B\u00fcy\u00fckel\u00e7i Haddad ile bir araya gelerek Suriye\u2019de siyasi \u00e7\u00f6z\u00fcm \u00e7al\u0131\u015fmalar\u0131n\u0131 de\u011ferlendirmi\u015fti.<\/p>\n<p>Di\u011fer taraftan Rusya D\u0131\u015fi\u015fleri Bakan\u0131 Sergey Lavrov; Rusya TASS Haber Ajans\u0131na verdi\u011fi bir r\u00f6portaj\u0131nda Suriye ile ilgili diyalogun ba\u015flamas\u0131 \u00e7al\u0131\u015fmalar\u0131n\u0131n iyi bir seyir izledi\u011fini ifade etmi\u015fti.<\/p>\n","protected":false},"excerpt":{"rendered":"<p>MOSKOVA \u2013 Rusya Ba\u015fkan\u0131n\u0131n Ortado\u011fu ve Afrika \u00d6zel Temsilcisi ve D\u0131\u015fi\u015fleri Bakan\u0131 Yard\u0131mc\u0131s\u0131 Mikhail Bogdanov bug\u00fcn Suriye\u2019nin Moskova\u2019daki B\u00fcy\u00fckel\u00e7isi Riyad Haddad ile bir araya gelerek, Suriye\u2019de ya\u015fanan krizin \u00e7\u00f6z\u00fclmesi amac\u0131yla Moskova\u2019da Suriye H\u00fck\u00fcmeti ile muhalefet aras\u0131nda isti\u015fare g\u00f6r\u00fc\u015fmeleri d\u00fczenlenmesi konusunu inceledi. Rusya D\u0131\u015fi\u015fleri Bakanl\u0131\u011f\u0131 bug\u00fcn yay\u0131nlad\u0131\u011f\u0131 beyanda Bogdanov ile Haddad aras\u0131ndaki g\u00f6r\u00fc\u015fmede Ocak ay\u0131n\u0131n sonlar\u0131na &hellip;<\/p>\n","protected":false},"author":1,"featured_media":6874,"comment_status":"closed","ping_status":"closed","sticky":false,"template":"","format":"standard","meta":{"footnotes":""},"categories":[458,459,447],"tags":[9893,9894],"class_list":["post-20550","post","type-post","status-publish","format-standard","has-post-thumbnail","","category-dunya1","category-haberler-arap-uluslararasi-politika","category-politika","tag-krizin-siyasi-cozum-calismalarini-hizlandirma-meselesi-tartisildi-moskova-rusya-baskaninin-ortadogu-ve-afrika-ozel-temsilcisi-ve-disisleri-bakani-yardimcisi-mikhail-bogdanov-bugun-suriye","tag-suriyede-yasanan-krizin-cozulmesi-amaciyla-moskovada-suriye-hukumeti-ile-muhalefet-arasinda-istisare-gorusmeleri-duzenlenmesi-konusunu-inceledi-rusya-disisleri-bakanligi-bugun-yayin"],"_links":{"self":[{"href":"https:\/\/archive.sana.sy\/tr\/index.php?rest_route=\/wp\/v2\/posts\/20550","targetHints":{"allow":["GET"]}}],"collection":[{"href":"https:\/\/archive.sana.sy\/tr\/index.php?rest_route=\/wp\/v2\/posts"}],"about":[{"href":"https:\/\/archive.sana.sy\/tr\/index.php?rest_route=\/wp\/v2\/types\/post"}],"author":[{"embeddable":true,"href":"https:\/\/archive.sana.sy\/tr\/index.php?rest_route=\/wp\/v2\/users\/1"}],"replies":[{"embeddable":true,"href":"https:\/\/archive.sana.sy\/tr\/index.php?rest_route=%2Fwp%2Fv2%2Fcomments&post=20550"}],"version-history":[{"count":0,"href":"https:\/\/archive.sana.sy\/tr\/index.php?rest_route=\/wp\/v2\/posts\/20550\/revisions"}],"wp:featuredmedia":[{"embeddable":true,"href":"https:\/\/archive.sana.sy\/tr\/index.php?rest_route=\/wp\/v2\/media\/6874"}],"wp:attachment":[{"href":"https:\/\/archive.sana.sy\/tr\/index.php?rest_route=%2Fwp%2Fv2%2Fmedia&parent=20550"}],"wp:term":[{"taxonomy":"category","embeddable":true,"href":"https:\/\/archive.sana.sy\/tr\/index.php?rest_route=%2Fwp%2Fv2%2Fcategories&post=20550"},{"taxonomy":"post_tag","embeddable":true,"href":"https:\/\/archive.sana.sy\/tr\/index.php?rest_route=%2Fwp%2Fv2%2Ftags&post=20550"}],"curies":[{"name":"wp","href":"https:\/\/api.w.org\/{rel}","templated":true}]}}