{"id":20559,"date":"2015-01-12T22:07:20","date_gmt":"2015-01-12T20:07:20","guid":{"rendered":"http:\/\/www.sana.sy\/tr\/?p=20559"},"modified":"2015-01-13T00:37:36","modified_gmt":"2015-01-12T22:37:36","slug":"salim-teror-magduru-vatandaslarin-yasamsal-ihtiyaclari-karsilanmalidir","status":"publish","type":"post","link":"https:\/\/archive.sana.sy\/tr\/?p=20559","title":{"rendered":"Salim: Ter\u00f6r Ma\u011fduru Vatanda\u015flar\u0131n Ya\u015famsal \u0130htiya\u00e7lar\u0131 Kar\u015f\u0131lanmal\u0131d\u0131r"},"content":{"rendered":"<p>LAZK\u0130YE \u2013 Lazkiye Valisi \u0130brahim H\u0131z\u0131r el Salim, Lazkiye Spor Kompleksi ve Cihad Ma\u015fi ge\u00e7ici ikame merkezlerinde bulunan ter\u00f6r ma\u011fduru vatanda\u015flar\u0131n b\u00fct\u00fcn ya\u015famsal ihtiya\u00e7lar\u0131n\u0131n kar\u015f\u0131lanmas\u0131 ve problemlerinin \u00e7\u00f6z\u00fclmesi gerekti\u011fini dile getirdi.<\/p>\n<p>Spor Kompleksi ve Cihat Ma\u015fi ge\u00e7ici ikame merkezlerini ziyareti s\u0131ras\u0131nda gazetecilere a\u00e7\u0131klamalarda bulunan Salim; bu iki ikame merkezinde hizmet seviyesinin iyi oldu\u011funa de\u011finerek burada kalan vatanda\u015flar\u0131m\u0131z\u0131n g\u0131da, sa\u011fl\u0131k ve di\u011fer b\u00fct\u00fcn ya\u015famsal ihtiya\u00e7lar\u0131n\u0131n kar\u015f\u0131land\u0131\u011f\u0131n\u0131 belirtti.<\/p>\n<p>Ayr\u0131ca ge\u00e7ici bar\u0131nma merkezlerinde kalan vatanda\u015flar\u0131m\u0131za temin edilen hizmetin denetlenmesi i\u00e7in komisyonlar olu\u015fturuldu\u011funa i\u015faret eden Salim;\u00a0 ge\u00e7ici ikame merkezlerinde bulunan vatanda\u015flar\u0131m\u0131z\u0131n sorunlar\u0131yla ayr\u0131 ayr\u0131 ilgilenildi\u011fini aktard\u0131.<\/p>\n<p>Vali Salim\u2019in ziyaretine e\u015flik eden Lazkiye Sa\u011fl\u0131k M\u00fcd\u00fcr\u00fc Ammar \u011eannam ise ge\u00e7ici ikame merkezlerinde kurulan sa\u011fl\u0131k biriminin ayda ortalama 4 bin hastay\u0131 muayene etti\u011fini dile getirerek sa\u011fl\u0131k bakanl\u0131\u011f\u0131n\u0131n sundu\u011fu olanaklarla hastalar\u0131n tedavi edildi\u011fini ekledi.<\/p>\n","protected":false},"excerpt":{"rendered":"<p>LAZK\u0130YE \u2013 Lazkiye Valisi \u0130brahim H\u0131z\u0131r el Salim, Lazkiye Spor Kompleksi ve Cihad Ma\u015fi ge\u00e7ici ikame merkezlerinde bulunan ter\u00f6r ma\u011fduru vatanda\u015flar\u0131n b\u00fct\u00fcn ya\u015famsal ihtiya\u00e7lar\u0131n\u0131n kar\u015f\u0131lanmas\u0131 ve problemlerinin \u00e7\u00f6z\u00fclmesi gerekti\u011fini dile getirdi. Spor Kompleksi ve Cihat Ma\u015fi ge\u00e7ici ikame merkezlerini ziyareti s\u0131ras\u0131nda gazetecilere a\u00e7\u0131klamalarda bulunan Salim; bu iki ikame merkezinde hizmet seviyesinin iyi oldu\u011funa de\u011finerek burada &hellip;<\/p>\n","protected":false},"author":1,"featured_media":20560,"comment_status":"closed","ping_status":"closed","sticky":false,"template":"","format":"standard","meta":{"footnotes":""},"categories":[479,478],"tags":[9899,9900,9898],"class_list":["post-20559","post","type-post","status-publish","format-standard","has-post-thumbnail","","category-haberler-yerel","category-yerel","tag-lazkiye-spor-kompleksi-ve-cihad-masi-gecici-ikame-merkezlerinde-bulunan-teror-magduru-vatandaslarin-butun-yasamsal-ihtiyaclarinin-karsilanmasi-ve-problemlerinin-cozulmesi-gerektigini-dile-getirdi-spo","tag-saglik-ve-diger-butun-yasamsal-ihtiyaclarinin-karsilandigini-belirtti-ayrica-gecici-barinma-merkezlerinde-kalan-vatandaslarimiza-temin-edilen-hizmetin-denetlenmesi-icin-komisyonlar-olusturulduguna-is","tag-salim-teror-magduru-vatandaslarin-yasamsal-ihtiyaclari-karsilanmalidir-lazkiye-lazkiye-valisi-ibrahim-hizir-el-salim"],"_links":{"self":[{"href":"https:\/\/archive.sana.sy\/tr\/index.php?rest_route=\/wp\/v2\/posts\/20559","targetHints":{"allow":["GET"]}}],"collection":[{"href":"https:\/\/archive.sana.sy\/tr\/index.php?rest_route=\/wp\/v2\/posts"}],"about":[{"href":"https:\/\/archive.sana.sy\/tr\/index.php?rest_route=\/wp\/v2\/types\/post"}],"author":[{"embeddable":true,"href":"https:\/\/archive.sana.sy\/tr\/index.php?rest_route=\/wp\/v2\/users\/1"}],"replies":[{"embeddable":true,"href":"https:\/\/archive.sana.sy\/tr\/index.php?rest_route=%2Fwp%2Fv2%2Fcomments&post=20559"}],"version-history":[{"count":0,"href":"https:\/\/archive.sana.sy\/tr\/index.php?rest_route=\/wp\/v2\/posts\/20559\/revisions"}],"wp:featuredmedia":[{"embeddable":true,"href":"https:\/\/archive.sana.sy\/tr\/index.php?rest_route=\/wp\/v2\/media\/20560"}],"wp:attachment":[{"href":"https:\/\/archive.sana.sy\/tr\/index.php?rest_route=%2Fwp%2Fv2%2Fmedia&parent=20559"}],"wp:term":[{"taxonomy":"category","embeddable":true,"href":"https:\/\/archive.sana.sy\/tr\/index.php?rest_route=%2Fwp%2Fv2%2Fcategories&post=20559"},{"taxonomy":"post_tag","embeddable":true,"href":"https:\/\/archive.sana.sy\/tr\/index.php?rest_route=%2Fwp%2Fv2%2Ftags&post=20559"}],"curies":[{"name":"wp","href":"https:\/\/api.w.org\/{rel}","templated":true}]}}