{"id":20562,"date":"2015-01-12T23:09:17","date_gmt":"2015-01-12T21:09:17","guid":{"rendered":"http:\/\/www.sana.sy\/tr\/?p=20562"},"modified":"2015-01-13T00:11:22","modified_gmt":"2015-01-12T22:11:22","slug":"yazici-bakanlik-saglik-hizmetlerini-en-iyi-sekilde-karsilamak-icin-caba-harciyor","status":"publish","type":"post","link":"https:\/\/archive.sana.sy\/tr\/?p=20562","title":{"rendered":"Yaz\u0131c\u0131: Bakanl\u0131k Sa\u011fl\u0131k Hizmetlerini En \u0130yi \u015eekilde Kar\u015f\u0131lamak \u0130\u00e7in \u00c7aba Harc\u0131yor"},"content":{"rendered":"<p>\u015eAM \u2013 Sa\u011fl\u0131k Bakan\u0131 Nizar Yaz\u0131c\u0131, Bakanl\u0131\u011f\u0131n ya\u015fanmakta olan kriz ko\u015fullar\u0131na ra\u011fmen vatanda\u015flar\u0131n sa\u011fl\u0131k ihtiya\u00e7lar\u0131n\u0131 m\u00fcmk\u00fcn olan en iyi \u015fekilde kar\u015f\u0131lamak i\u00e7in b\u00fcy\u00fck bir \u00e7aba harcad\u0131\u011f\u0131n\u0131 dile getirdi.<\/p>\n<p>\u015eam\u2019da Abi Zar el \u011eaffari ve Edib el Lahham sa\u011fl\u0131k merkezlerine d\u00fczenledi\u011fi inceleme ziyareti s\u0131ras\u0131nda gazetecilere bir a\u00e7\u0131klama yapan Yaz\u0131c\u0131; bakanl\u0131\u011f\u0131n sa\u011fl\u0131k g\u00f6zetimi a\u011f\u0131n\u0131 geli\u015ftirmeye \u00e7al\u0131\u015ft\u0131\u011f\u0131na i\u015faret ederek ilk yard\u0131m b\u00f6l\u00fcmlerinin sa\u011fl\u0131k hizmetlerinin en \u00f6ncelikli b\u00f6l\u00fcm\u00fc oldu\u011funu belirtti.<\/p>\n<p>Bilinece\u011fi \u00fczere \u015eam kentinde bulunan 42 \u0130lk Yard\u0131m Merkezi b\u00fct\u00fcn vatanda\u015flara kar\u015f\u0131l\u0131ks\u0131z olarak gerekli b\u00fct\u00fcn sa\u011fl\u0131k hizmetlerini sunmaya devam ediyor.<\/p>\n","protected":false},"excerpt":{"rendered":"<p>\u015eAM \u2013 Sa\u011fl\u0131k Bakan\u0131 Nizar Yaz\u0131c\u0131, Bakanl\u0131\u011f\u0131n ya\u015fanmakta olan kriz ko\u015fullar\u0131na ra\u011fmen vatanda\u015flar\u0131n sa\u011fl\u0131k ihtiya\u00e7lar\u0131n\u0131 m\u00fcmk\u00fcn olan en iyi \u015fekilde kar\u015f\u0131lamak i\u00e7in b\u00fcy\u00fck bir \u00e7aba harcad\u0131\u011f\u0131n\u0131 dile getirdi. \u015eam\u2019da Abi Zar el \u011eaffari ve Edib el Lahham sa\u011fl\u0131k merkezlerine d\u00fczenledi\u011fi inceleme ziyareti s\u0131ras\u0131nda gazetecilere bir a\u00e7\u0131klama yapan Yaz\u0131c\u0131; bakanl\u0131\u011f\u0131n sa\u011fl\u0131k g\u00f6zetimi a\u011f\u0131n\u0131 geli\u015ftirmeye \u00e7al\u0131\u015ft\u0131\u011f\u0131na i\u015faret &hellip;<\/p>\n","protected":false},"author":1,"featured_media":20563,"comment_status":"closed","ping_status":"closed","sticky":false,"template":"","format":"standard","meta":{"footnotes":""},"categories":[479,478],"tags":[9902,9901],"class_list":["post-20562","post","type-post","status-publish","format-standard","has-post-thumbnail","","category-haberler-yerel","category-yerel","tag-bakanligin-yasanmakta-olan-kriz-kosullarina-ragmen-vatandaslarin-saglik-ihtiyaclarini-mumkun-olan-en-iyi-sekilde-karsilamak-icin-buyuk-bir-caba-harcadigini-dile-getirdi-samda-abi-zar-el-gaff","tag-yazici-bakanlik-saglik-hizmetlerini-en-iyi-sekilde-karsilamak-icin-caba-harciyor-sam-saglik-bakani-nizar-yazici"],"_links":{"self":[{"href":"https:\/\/archive.sana.sy\/tr\/index.php?rest_route=\/wp\/v2\/posts\/20562","targetHints":{"allow":["GET"]}}],"collection":[{"href":"https:\/\/archive.sana.sy\/tr\/index.php?rest_route=\/wp\/v2\/posts"}],"about":[{"href":"https:\/\/archive.sana.sy\/tr\/index.php?rest_route=\/wp\/v2\/types\/post"}],"author":[{"embeddable":true,"href":"https:\/\/archive.sana.sy\/tr\/index.php?rest_route=\/wp\/v2\/users\/1"}],"replies":[{"embeddable":true,"href":"https:\/\/archive.sana.sy\/tr\/index.php?rest_route=%2Fwp%2Fv2%2Fcomments&post=20562"}],"version-history":[{"count":0,"href":"https:\/\/archive.sana.sy\/tr\/index.php?rest_route=\/wp\/v2\/posts\/20562\/revisions"}],"wp:featuredmedia":[{"embeddable":true,"href":"https:\/\/archive.sana.sy\/tr\/index.php?rest_route=\/wp\/v2\/media\/20563"}],"wp:attachment":[{"href":"https:\/\/archive.sana.sy\/tr\/index.php?rest_route=%2Fwp%2Fv2%2Fmedia&parent=20562"}],"wp:term":[{"taxonomy":"category","embeddable":true,"href":"https:\/\/archive.sana.sy\/tr\/index.php?rest_route=%2Fwp%2Fv2%2Fcategories&post=20562"},{"taxonomy":"post_tag","embeddable":true,"href":"https:\/\/archive.sana.sy\/tr\/index.php?rest_route=%2Fwp%2Fv2%2Ftags&post=20562"}],"curies":[{"name":"wp","href":"https:\/\/api.w.org\/{rel}","templated":true}]}}