{"id":205852,"date":"2020-03-31T21:26:42","date_gmt":"2020-03-31T18:26:42","guid":{"rendered":"http:\/\/www.sana.sy\/tr\/?p=205852"},"modified":"2020-04-01T12:48:08","modified_gmt":"2020-04-01T09:48:08","slug":"el-mragi-suriyeye-karsi-zorunlu-yaptirimlar-ona-karsi-suclarin-bir-parcasidir","status":"publish","type":"post","link":"https:\/\/archive.sana.sy\/tr\/?p=205852","title":{"rendered":"El Mra\u011fi: Suriye\u2019ye Kar\u015f\u0131 Zorunlu Yapt\u0131r\u0131mlar Hakk\u0131nda \u0130\u015flenen Su\u00e7lar\u0131n Bir Par\u00e7as\u0131d\u0131r"},"content":{"rendered":"<p>KAH\u0130RE \u2013 M\u0131s\u0131r Parlementosu\u2019nda \u0130\u015f G\u00fcc\u00fc Komitesi ile M\u0131s\u0131r \u0130\u015f\u00e7ilerinin Sendikalar\u0131 Federasyonunun Ba\u015fkan\u0131 Cbali El Mra\u011fi, ABD\u2019nin Suriye\u2019ye dayatt\u0131\u011f\u0131 tek tarafl\u0131 yapt\u0131r\u0131mlar\u0131 k\u0131nad\u0131. Mra\u011fi s\u00f6zkonusu yapt\u0131r\u0131mlar\u0131n Suriye\u2019ye kar\u015f\u0131 i\u015flenen su\u00e7lar\u0131n bir par\u00e7as\u0131 oldu\u011funa i\u015faret ederek kald\u0131r\u0131lmas\u0131n\u0131n zorunlulu\u011funu vurgulad\u0131.<\/p>\n<p>SANA\u2019n\u0131n Kahire Muhabirine a\u00e7\u0131klamas\u0131nda El Mra\u011fi, ABD\u2019nin Suriye halk\u0131na devaml\u0131 sald\u0131rganl\u0131\u011f\u0131 ve katliamlar\u0131n\u0131n art\u0131k hi\u00e7 kimseden gizlenmi\u015f olmad\u0131\u011f\u0131na i\u015faret etti.<\/p>\n<p>El Mra\u011fi, Suriye\u2019nin Ordu, Liderlik ve Halk olarak krizin ba\u015flamas\u0131ndan bug\u00fcne kadar komplolara ve d\u0131\u015f d\u00fc\u015fmanlara kar\u015f\u0131 m\u00fccadele verirken b\u00fct\u00fcn d\u00fc\u015fman g\u00fc\u00e7lerini yenebilece\u011finin ispat etti\u011fini belirtti. M\u0131s\u0131r\u2019\u0131n karde\u015f Suriye\u2019nin arkas\u0131nda hep duraca\u011f\u0131n\u0131 iki karde\u015f \u00fclke aras\u0131nda da kutsal bir ba\u011f\u0131n bulundu\u011funu ifade etti.<\/p>\n<p>Kumeyt Yusuf<\/p>\n","protected":false},"excerpt":{"rendered":"<p>KAH\u0130RE \u2013 M\u0131s\u0131r Parlementosu\u2019nda \u0130\u015f G\u00fcc\u00fc Komitesi ile M\u0131s\u0131r \u0130\u015f\u00e7ilerinin Sendikalar\u0131 Federasyonunun Ba\u015fkan\u0131 Cbali El Mra\u011fi, ABD\u2019nin Suriye\u2019ye dayatt\u0131\u011f\u0131 tek tarafl\u0131 yapt\u0131r\u0131mlar\u0131 k\u0131nad\u0131. Mra\u011fi s\u00f6zkonusu yapt\u0131r\u0131mlar\u0131n Suriye\u2019ye kar\u015f\u0131 i\u015flenen su\u00e7lar\u0131n bir par\u00e7as\u0131 oldu\u011funa i\u015faret ederek kald\u0131r\u0131lmas\u0131n\u0131n zorunlulu\u011funu vurgulad\u0131. SANA\u2019n\u0131n Kahire Muhabirine a\u00e7\u0131klamas\u0131nda El Mra\u011fi, ABD\u2019nin Suriye halk\u0131na devaml\u0131 sald\u0131rganl\u0131\u011f\u0131 ve katliamlar\u0131n\u0131n art\u0131k hi\u00e7 kimseden gizlenmi\u015f &hellip;<\/p>\n","protected":false},"author":1,"featured_media":205854,"comment_status":"closed","ping_status":"closed","sticky":false,"template":"","format":"standard","meta":{"footnotes":""},"categories":[479,17988,478],"tags":[],"class_list":["post-205852","post","type-post","status-publish","format-standard","has-post-thumbnail","","category-haberler-yerel","category-son-haberler","category-yerel"],"_links":{"self":[{"href":"https:\/\/archive.sana.sy\/tr\/index.php?rest_route=\/wp\/v2\/posts\/205852","targetHints":{"allow":["GET"]}}],"collection":[{"href":"https:\/\/archive.sana.sy\/tr\/index.php?rest_route=\/wp\/v2\/posts"}],"about":[{"href":"https:\/\/archive.sana.sy\/tr\/index.php?rest_route=\/wp\/v2\/types\/post"}],"author":[{"embeddable":true,"href":"https:\/\/archive.sana.sy\/tr\/index.php?rest_route=\/wp\/v2\/users\/1"}],"replies":[{"embeddable":true,"href":"https:\/\/archive.sana.sy\/tr\/index.php?rest_route=%2Fwp%2Fv2%2Fcomments&post=205852"}],"version-history":[{"count":0,"href":"https:\/\/archive.sana.sy\/tr\/index.php?rest_route=\/wp\/v2\/posts\/205852\/revisions"}],"wp:featuredmedia":[{"embeddable":true,"href":"https:\/\/archive.sana.sy\/tr\/index.php?rest_route=\/wp\/v2\/media\/205854"}],"wp:attachment":[{"href":"https:\/\/archive.sana.sy\/tr\/index.php?rest_route=%2Fwp%2Fv2%2Fmedia&parent=205852"}],"wp:term":[{"taxonomy":"category","embeddable":true,"href":"https:\/\/archive.sana.sy\/tr\/index.php?rest_route=%2Fwp%2Fv2%2Fcategories&post=205852"},{"taxonomy":"post_tag","embeddable":true,"href":"https:\/\/archive.sana.sy\/tr\/index.php?rest_route=%2Fwp%2Fv2%2Ftags&post=205852"}],"curies":[{"name":"wp","href":"https:\/\/api.w.org\/{rel}","templated":true}]}}