{"id":205861,"date":"2020-04-01T00:00:08","date_gmt":"2020-03-31T21:00:08","guid":{"rendered":"http:\/\/www.sana.sy\/tr\/?p=205861"},"modified":"2020-04-01T12:48:12","modified_gmt":"2020-04-01T09:48:12","slug":"libya-ordusu-12-saat-icerisinde-2-turk-ihayi-dusurdu","status":"publish","type":"post","link":"https:\/\/archive.sana.sy\/tr\/?p=205861","title":{"rendered":"Libya Ordusu 12 Saat i\u00e7erisinde 2 T\u00fcrk \u0130HA\u2019y\u0131 D\u00fc\u015f\u00fcrd\u00fc"},"content":{"rendered":"<p>TRABLUS \u2013 Libya Ulusal Ordusu, 12 saat i\u00e7erisinde ba\u015fkent Trablus \u00e7evresinde 2 T\u00fcrk \u0130HA\u2019y\u0131 d\u00fc\u015f\u00fcrd\u00fc\u011f\u00fcn\u00fc ilan etti.<\/p>\n<p>Libya Ulusal Ordusu\u2019na ait Medya Merkezi, Yedek G\u00fc\u00e7 sorumlusu Abu bekr idveyhe\u015f\u2019ten naklen, Hava Savunma Sistemlerinin Trablus g\u00fcneyindeki el Kessarat b\u00f6lgesinde bulunan bir mevkiye sorti yapmak isteyen 1 T\u00fcrk \u0130HA\u2019y\u0131 d\u00fc\u015f\u00fcrd\u00fc\u011f\u00fcn\u00fc ifade etti.<\/p>\n<p>Libya orsudu, bug\u00fcn\u00fcn ge\u00e7en saatlerinde ba\u015fkent Trablus g\u00fcneyinde Hava Savunma Sistemlerince di\u011fer 1 T\u00fcrk \u0130HA\u2019y\u0131 d\u00fc\u015f\u00fcrd\u00fc\u011f\u00fcn\u00fc belirtmi\u015fti.<\/p>\n<p>T\u00fcrk rejimi Erdo\u011fan\u2019\u0131n ba\u015fkanl\u0131\u011f\u0131yla Libya\u2019da servetlerini talan etmek ve b\u00f6lgede yay\u0131lmak ama\u00e7l\u0131 planlar\u0131n\u0131 uygulamaya \u00e7al\u0131\u015fmaktad\u0131r.<\/p>\n<p>Kumeyt Yusuf<\/p>\n","protected":false},"excerpt":{"rendered":"<p>TRABLUS \u2013 Libya Ulusal Ordusu, 12 saat i\u00e7erisinde ba\u015fkent Trablus \u00e7evresinde 2 T\u00fcrk \u0130HA\u2019y\u0131 d\u00fc\u015f\u00fcrd\u00fc\u011f\u00fcn\u00fc ilan etti. Libya Ulusal Ordusu\u2019na ait Medya Merkezi, Yedek G\u00fc\u00e7 sorumlusu Abu bekr idveyhe\u015f\u2019ten naklen, Hava Savunma Sistemlerinin Trablus g\u00fcneyindeki el Kessarat b\u00f6lgesinde bulunan bir mevkiye sorti yapmak isteyen 1 T\u00fcrk \u0130HA\u2019y\u0131 d\u00fc\u015f\u00fcrd\u00fc\u011f\u00fcn\u00fc ifade etti. Libya orsudu, bug\u00fcn\u00fcn ge\u00e7en saatlerinde &hellip;<\/p>\n","protected":false},"author":1,"featured_media":205862,"comment_status":"closed","ping_status":"closed","sticky":false,"template":"","format":"standard","meta":{"footnotes":""},"categories":[458,459,17988],"tags":[],"class_list":["post-205861","post","type-post","status-publish","format-standard","has-post-thumbnail","","category-dunya1","category-haberler-arap-uluslararasi-politika","category-son-haberler"],"_links":{"self":[{"href":"https:\/\/archive.sana.sy\/tr\/index.php?rest_route=\/wp\/v2\/posts\/205861","targetHints":{"allow":["GET"]}}],"collection":[{"href":"https:\/\/archive.sana.sy\/tr\/index.php?rest_route=\/wp\/v2\/posts"}],"about":[{"href":"https:\/\/archive.sana.sy\/tr\/index.php?rest_route=\/wp\/v2\/types\/post"}],"author":[{"embeddable":true,"href":"https:\/\/archive.sana.sy\/tr\/index.php?rest_route=\/wp\/v2\/users\/1"}],"replies":[{"embeddable":true,"href":"https:\/\/archive.sana.sy\/tr\/index.php?rest_route=%2Fwp%2Fv2%2Fcomments&post=205861"}],"version-history":[{"count":0,"href":"https:\/\/archive.sana.sy\/tr\/index.php?rest_route=\/wp\/v2\/posts\/205861\/revisions"}],"wp:featuredmedia":[{"embeddable":true,"href":"https:\/\/archive.sana.sy\/tr\/index.php?rest_route=\/wp\/v2\/media\/205862"}],"wp:attachment":[{"href":"https:\/\/archive.sana.sy\/tr\/index.php?rest_route=%2Fwp%2Fv2%2Fmedia&parent=205861"}],"wp:term":[{"taxonomy":"category","embeddable":true,"href":"https:\/\/archive.sana.sy\/tr\/index.php?rest_route=%2Fwp%2Fv2%2Fcategories&post=205861"},{"taxonomy":"post_tag","embeddable":true,"href":"https:\/\/archive.sana.sy\/tr\/index.php?rest_route=%2Fwp%2Fv2%2Ftags&post=205861"}],"curies":[{"name":"wp","href":"https:\/\/api.w.org\/{rel}","templated":true}]}}