{"id":205864,"date":"2020-03-31T23:39:13","date_gmt":"2020-03-31T20:39:13","guid":{"rendered":"http:\/\/www.sana.sy\/tr\/?p=205864"},"modified":"2020-04-01T12:48:09","modified_gmt":"2020-04-01T09:48:09","slug":"seyyide-zeynebte-karantine-merkezi-saat-boyunca-saglam-otel-ve-saglik-hizmetleri","status":"publish","type":"post","link":"https:\/\/archive.sana.sy\/tr\/?p=205864","title":{"rendered":"Seyyide Zeynep&#8217;te Karantina Merkezi.. G\u00fcn Boyu Otel ve Sa\u011fl\u0131k Hizmetleri"},"content":{"rendered":"<p>\u015eAM KIRSALI \u2013 Sa\u011fl\u0131k Bakanl\u0131\u011f\u0131, Koronavir\u00fcs\u00fcne kar\u015f\u0131 koyma \u00e7abalar\u0131 kapsam\u0131nda \u015eam K\u0131rsal\u0131 iline ba\u011fl\u0131 Seyyide Zeyneb il\u00e7esinde yer alan El Cemil Plaza otelini Karantina Sa\u011fl\u0131k Merkezine d\u00f6n\u00fc\u015ft\u00fcrd\u00fc.<\/p>\n<p>Karantina merkezi, Suriye\u2019ye d\u0131\u015far\u0131dan gelenlerin 14 g\u00fcn s\u00fcrecinde karantinaya al\u0131nmas\u0131 i\u00e7in genel sa\u011fl\u0131k korumas\u0131 ve koronavir\u00fcs\u00fcn yay\u0131lmas\u0131na m\u00fcsaade etmemesi i\u00e7in haz\u0131rland\u0131.<\/p>\n<p>S\u00f6zkonusu merkez, \u015eam K\u0131rsal\u0131nda sa\u011fl\u0131k karantinas\u0131 i\u00e7in haz\u0131rlanan 3 merkezden birisidir. Tam te\u015fkilatl\u0131 \u00e7ok say\u0131da odadan olu\u015fan merkezde bir t\u0131bbi ekip ve test cihazlar\u0131 bulunmaktad\u0131r. T\u0131bbi ekip, karantinaya al\u0131nanlar\u0131 14 g\u00fcn boyunca ate\u015f, solunum, nefes darl\u0131\u011f\u0131, \u00f6k\u00fcs\u00fcr\u00fck vs. Koronavir\u00fcs belirtilerini kontrol ederken, vir\u00fcs belirtisi olanlar\u0131 da izole merkezlerine g\u00f6nderecektir.<\/p>\n<p>Kumeyt Yusuf<\/p>\n<div id='gallery-1' class='gallery galleryid-205864 gallery-columns-3 gallery-size-full'><figure class='gallery-item'>\n\t\t\t<div class='gallery-icon landscape'>\n\t\t\t\t<a href='https:\/\/archive.sana.sy\/tr\/wp-content\/uploads\/2020\/04\/8-138.jpg'><img loading=\"lazy\" decoding=\"async\" width=\"660\" height=\"370\" src=\"https:\/\/archive.sana.sy\/tr\/wp-content\/uploads\/2020\/04\/8-138.jpg\" class=\"attachment-full size-full\" alt=\"\" srcset=\"https:\/\/archive.sana.sy\/tr\/wp-content\/uploads\/2020\/04\/8-138.jpg 660w, https:\/\/archive.sana.sy\/tr\/wp-content\/uploads\/2020\/04\/8-138-300x168.jpg 300w, https:\/\/archive.sana.sy\/tr\/wp-content\/uploads\/2020\/04\/8-138-150x84.jpg 150w\" sizes=\"auto, (max-width: 660px) 100vw, 660px\" \/><\/a>\n\t\t\t<\/div><\/figure><figure class='gallery-item'>\n\t\t\t<div class='gallery-icon landscape'>\n\t\t\t\t<a href='https:\/\/archive.sana.sy\/tr\/wp-content\/uploads\/2020\/04\/5-229-1.jpg'><img loading=\"lazy\" decoding=\"async\" width=\"660\" height=\"370\" src=\"https:\/\/archive.sana.sy\/tr\/wp-content\/uploads\/2020\/04\/5-229-1.jpg\" class=\"attachment-full size-full\" alt=\"\" srcset=\"https:\/\/archive.sana.sy\/tr\/wp-content\/uploads\/2020\/04\/5-229-1.jpg 660w, https:\/\/archive.sana.sy\/tr\/wp-content\/uploads\/2020\/04\/5-229-1-300x168.jpg 300w, https:\/\/archive.sana.sy\/tr\/wp-content\/uploads\/2020\/04\/5-229-1-150x84.jpg 150w\" sizes=\"auto, (max-width: 660px) 100vw, 660px\" \/><\/a>\n\t\t\t<\/div><\/figure><figure class='gallery-item'>\n\t\t\t<div class='gallery-icon landscape'>\n\t\t\t\t<a href='https:\/\/archive.sana.sy\/tr\/wp-content\/uploads\/2020\/04\/5-229.jpg'><img loading=\"lazy\" decoding=\"async\" width=\"660\" height=\"370\" src=\"https:\/\/archive.sana.sy\/tr\/wp-content\/uploads\/2020\/04\/5-229.jpg\" class=\"attachment-full size-full\" alt=\"\" srcset=\"https:\/\/archive.sana.sy\/tr\/wp-content\/uploads\/2020\/04\/5-229.jpg 660w, https:\/\/archive.sana.sy\/tr\/wp-content\/uploads\/2020\/04\/5-229-300x168.jpg 300w, https:\/\/archive.sana.sy\/tr\/wp-content\/uploads\/2020\/04\/5-229-150x84.jpg 150w\" sizes=\"auto, (max-width: 660px) 100vw, 660px\" \/><\/a>\n\t\t\t<\/div><\/figure><figure class='gallery-item'>\n\t\t\t<div class='gallery-icon landscape'>\n\t\t\t\t<a href='https:\/\/archive.sana.sy\/tr\/wp-content\/uploads\/2020\/04\/4-219.jpg'><img loading=\"lazy\" decoding=\"async\" width=\"660\" height=\"370\" src=\"https:\/\/archive.sana.sy\/tr\/wp-content\/uploads\/2020\/04\/4-219.jpg\" class=\"attachment-full size-full\" alt=\"\" srcset=\"https:\/\/archive.sana.sy\/tr\/wp-content\/uploads\/2020\/04\/4-219.jpg 660w, https:\/\/archive.sana.sy\/tr\/wp-content\/uploads\/2020\/04\/4-219-300x168.jpg 300w, https:\/\/archive.sana.sy\/tr\/wp-content\/uploads\/2020\/04\/4-219-150x84.jpg 150w\" sizes=\"auto, (max-width: 660px) 100vw, 660px\" \/><\/a>\n\t\t\t<\/div><\/figure><figure class='gallery-item'>\n\t\t\t<div class='gallery-icon landscape'>\n\t\t\t\t<a href='https:\/\/archive.sana.sy\/tr\/wp-content\/uploads\/2020\/04\/1-403.jpg'><img loading=\"lazy\" decoding=\"async\" width=\"660\" height=\"370\" src=\"https:\/\/archive.sana.sy\/tr\/wp-content\/uploads\/2020\/04\/1-403.jpg\" class=\"attachment-full size-full\" alt=\"\" srcset=\"https:\/\/archive.sana.sy\/tr\/wp-content\/uploads\/2020\/04\/1-403.jpg 660w, https:\/\/archive.sana.sy\/tr\/wp-content\/uploads\/2020\/04\/1-403-300x168.jpg 300w, https:\/\/archive.sana.sy\/tr\/wp-content\/uploads\/2020\/04\/1-403-150x84.jpg 150w\" sizes=\"auto, (max-width: 660px) 100vw, 660px\" \/><\/a>\n\t\t\t<\/div><\/figure><figure class='gallery-item'>\n\t\t\t<div class='gallery-icon landscape'>\n\t\t\t\t<a href='https:\/\/archive.sana.sy\/tr\/wp-content\/uploads\/2020\/04\/2-327.jpg'><img loading=\"lazy\" decoding=\"async\" width=\"660\" height=\"370\" src=\"https:\/\/archive.sana.sy\/tr\/wp-content\/uploads\/2020\/04\/2-327.jpg\" class=\"attachment-full size-full\" alt=\"\" srcset=\"https:\/\/archive.sana.sy\/tr\/wp-content\/uploads\/2020\/04\/2-327.jpg 660w, https:\/\/archive.sana.sy\/tr\/wp-content\/uploads\/2020\/04\/2-327-300x168.jpg 300w, https:\/\/archive.sana.sy\/tr\/wp-content\/uploads\/2020\/04\/2-327-150x84.jpg 150w\" sizes=\"auto, (max-width: 660px) 100vw, 660px\" \/><\/a>\n\t\t\t<\/div><\/figure>\n\t\t<\/div>\n\n<p>&nbsp;<\/p>\n","protected":false},"excerpt":{"rendered":"<p>\u015eAM KIRSALI \u2013 Sa\u011fl\u0131k Bakanl\u0131\u011f\u0131, Koronavir\u00fcs\u00fcne kar\u015f\u0131 koyma \u00e7abalar\u0131 kapsam\u0131nda \u015eam K\u0131rsal\u0131 iline ba\u011fl\u0131 Seyyide Zeyneb il\u00e7esinde yer alan El Cemil Plaza otelini Karantina Sa\u011fl\u0131k Merkezine d\u00f6n\u00fc\u015ft\u00fcrd\u00fc. Karantina merkezi, Suriye\u2019ye d\u0131\u015far\u0131dan gelenlerin 14 g\u00fcn s\u00fcrecinde karantinaya al\u0131nmas\u0131 i\u00e7in genel sa\u011fl\u0131k korumas\u0131 ve koronavir\u00fcs\u00fcn yay\u0131lmas\u0131na m\u00fcsaade etmemesi i\u00e7in haz\u0131rland\u0131. S\u00f6zkonusu merkez, \u015eam K\u0131rsal\u0131nda sa\u011fl\u0131k karantinas\u0131 i\u00e7in &hellip;<\/p>\n","protected":false},"author":1,"featured_media":205865,"comment_status":"closed","ping_status":"closed","sticky":false,"template":"","format":"standard","meta":{"footnotes":""},"categories":[479,17988,478],"tags":[],"class_list":["post-205864","post","type-post","status-publish","format-standard","has-post-thumbnail","","category-haberler-yerel","category-son-haberler","category-yerel"],"_links":{"self":[{"href":"https:\/\/archive.sana.sy\/tr\/index.php?rest_route=\/wp\/v2\/posts\/205864","targetHints":{"allow":["GET"]}}],"collection":[{"href":"https:\/\/archive.sana.sy\/tr\/index.php?rest_route=\/wp\/v2\/posts"}],"about":[{"href":"https:\/\/archive.sana.sy\/tr\/index.php?rest_route=\/wp\/v2\/types\/post"}],"author":[{"embeddable":true,"href":"https:\/\/archive.sana.sy\/tr\/index.php?rest_route=\/wp\/v2\/users\/1"}],"replies":[{"embeddable":true,"href":"https:\/\/archive.sana.sy\/tr\/index.php?rest_route=%2Fwp%2Fv2%2Fcomments&post=205864"}],"version-history":[{"count":0,"href":"https:\/\/archive.sana.sy\/tr\/index.php?rest_route=\/wp\/v2\/posts\/205864\/revisions"}],"wp:featuredmedia":[{"embeddable":true,"href":"https:\/\/archive.sana.sy\/tr\/index.php?rest_route=\/wp\/v2\/media\/205865"}],"wp:attachment":[{"href":"https:\/\/archive.sana.sy\/tr\/index.php?rest_route=%2Fwp%2Fv2%2Fmedia&parent=205864"}],"wp:term":[{"taxonomy":"category","embeddable":true,"href":"https:\/\/archive.sana.sy\/tr\/index.php?rest_route=%2Fwp%2Fv2%2Fcategories&post=205864"},{"taxonomy":"post_tag","embeddable":true,"href":"https:\/\/archive.sana.sy\/tr\/index.php?rest_route=%2Fwp%2Fv2%2Ftags&post=205864"}],"curies":[{"name":"wp","href":"https:\/\/api.w.org\/{rel}","templated":true}]}}