{"id":20612,"date":"2015-01-13T13:51:59","date_gmt":"2015-01-13T11:51:59","guid":{"rendered":"http:\/\/sana.sy\/tr\/?p=20612"},"modified":"2015-01-13T21:25:31","modified_gmt":"2015-01-13T19:25:31","slug":"teroristler-yine-sivilleri-hedef-aldi-bir-kiz-yaralandi","status":"publish","type":"post","link":"https:\/\/archive.sana.sy\/tr\/?p=20612","title":{"rendered":"Ter\u00f6ristler Yine Sivilleri Hedef Ald\u0131"},"content":{"rendered":"<p>\u015eAM ve KIRSALI \u2013 Ba\u015fkent \u015eam&#8217;\u0131n sivil yerle\u015fim alanlar\u0131ndan\u00a0Ticaret Semtinde bir vatanda\u015f\u0131n evine d\u00fc\u015fen havan roketi sonucunda gen\u00e7 bir k\u0131z yaraland\u0131.<\/p>\n<p>\u0130l Emniyet M\u00fcd\u00fcrl\u00fc\u011f\u00fcnde bir kaynak SANA muhabirine a\u00e7\u0131klamas\u0131nda, ter\u00f6ristlerin f\u0131rlatt\u0131\u011f\u0131 bir havan roketinin Ticaret Semtinde bir vatanda\u015f\u0131n 7. Kattaki evine isabet etmesi sonucunda bir k\u0131z\u0131n yaralanmas\u0131na \u00a0yol a\u00e7t\u0131\u011f\u0131n\u0131, evde de maddi zararlara yol a\u00e7t\u0131\u011f\u0131n\u0131 s\u00f6yledi<\/p>\n<p>Ticaret Semti \u015eam\u2019da g\u00fcvenli semtleri havan roketleriyle hedef alan tekfiri ter\u00f6rist \u00f6rg\u00fctlerin bulundu\u011fu Cobar\u2019\u0131n bat\u0131s\u0131nda yer almaktad\u0131r.<\/p>\n<p>\u00d6te yandan kaynak \u015eam k\u0131rsal\u0131n\u0131n g\u00fcneyi Kisve Kasabas\u0131n\u0131n g\u00fcneyinde H\u0131yarat Dannun Beldesinde ter\u00f6ristlerin yol kenar\u0131na yerle\u015ftirdikleri bir bomba d\u00fczene\u011finin infilak etti\u011fini s\u00f6yledi.<\/p>\n<p>Kaynak hain ve gaddar ter\u00f6r eyleminde sivil bir vatanda\u015f\u0131n yaraland\u0131\u011f\u0131n\u0131, olay yerinde de maddi hasar\u0131n olu\u015ftu\u011funu aktard\u0131.<\/p>\n<p>Bu arada ter\u00f6ristlerin f\u0131rlatt\u0131\u011f\u0131 bir havan roketinin \u015eam\u2019\u0131n kuzeyindeki sivil yerle\u015fim alanlar\u0131ndan Berze Konutlar\u0131 Semtine d\u00fc\u015fmesi sonucunda 1 vatanda\u015f yaraland\u0131.<\/p>\n","protected":false},"excerpt":{"rendered":"<p>\u015eAM ve KIRSALI \u2013 Ba\u015fkent \u015eam&#8217;\u0131n sivil yerle\u015fim alanlar\u0131ndan\u00a0Ticaret Semtinde bir vatanda\u015f\u0131n evine d\u00fc\u015fen havan roketi sonucunda gen\u00e7 bir k\u0131z yaraland\u0131. \u0130l Emniyet M\u00fcd\u00fcrl\u00fc\u011f\u00fcnde bir kaynak SANA muhabirine a\u00e7\u0131klamas\u0131nda, ter\u00f6ristlerin f\u0131rlatt\u0131\u011f\u0131 bir havan roketinin Ticaret Semtinde bir vatanda\u015f\u0131n 7. Kattaki evine isabet etmesi sonucunda bir k\u0131z\u0131n yaralanmas\u0131na \u00a0yol a\u00e7t\u0131\u011f\u0131n\u0131, evde de maddi zararlara yol a\u00e7t\u0131\u011f\u0131n\u0131 &hellip;<\/p>\n","protected":false},"author":1,"featured_media":20613,"comment_status":"closed","ping_status":"closed","sticky":false,"template":"","format":"standard","meta":{"footnotes":""},"categories":[479,575,478],"tags":[9942,9943],"class_list":["post-20612","post","type-post","status-publish","format-standard","has-post-thumbnail","","category-haberler-yerel","category-olaylar-ve-gercekler","category-yerel","tag-teroristler-yine-sivilleri-hedef-aldi-bir-kiz-yaralandi-sam-baskentin-kuzey-bolumunde-yer-alan-ticaret-semtinde-bir-vatandasin-evine-dusen-havan-roketli-teror-saldirisinda-genc-bir-kiz-yar","tag-teroristlerin-firlattigi-bir-havan-roketinin-ticaret-semtinde-bir-vatandasin-7-kattaki-evine-isabet-etmesi-sonucunda-bir-kizin-yaralanmasina-evde-de-maddi-zararlara-yol-actigini-soyledi-ticaret-semt"],"_links":{"self":[{"href":"https:\/\/archive.sana.sy\/tr\/index.php?rest_route=\/wp\/v2\/posts\/20612","targetHints":{"allow":["GET"]}}],"collection":[{"href":"https:\/\/archive.sana.sy\/tr\/index.php?rest_route=\/wp\/v2\/posts"}],"about":[{"href":"https:\/\/archive.sana.sy\/tr\/index.php?rest_route=\/wp\/v2\/types\/post"}],"author":[{"embeddable":true,"href":"https:\/\/archive.sana.sy\/tr\/index.php?rest_route=\/wp\/v2\/users\/1"}],"replies":[{"embeddable":true,"href":"https:\/\/archive.sana.sy\/tr\/index.php?rest_route=%2Fwp%2Fv2%2Fcomments&post=20612"}],"version-history":[{"count":0,"href":"https:\/\/archive.sana.sy\/tr\/index.php?rest_route=\/wp\/v2\/posts\/20612\/revisions"}],"wp:featuredmedia":[{"embeddable":true,"href":"https:\/\/archive.sana.sy\/tr\/index.php?rest_route=\/wp\/v2\/media\/20613"}],"wp:attachment":[{"href":"https:\/\/archive.sana.sy\/tr\/index.php?rest_route=%2Fwp%2Fv2%2Fmedia&parent=20612"}],"wp:term":[{"taxonomy":"category","embeddable":true,"href":"https:\/\/archive.sana.sy\/tr\/index.php?rest_route=%2Fwp%2Fv2%2Fcategories&post=20612"},{"taxonomy":"post_tag","embeddable":true,"href":"https:\/\/archive.sana.sy\/tr\/index.php?rest_route=%2Fwp%2Fv2%2Ftags&post=20612"}],"curies":[{"name":"wp","href":"https:\/\/api.w.org\/{rel}","templated":true}]}}