{"id":20624,"date":"2015-01-13T09:50:18","date_gmt":"2015-01-13T07:50:18","guid":{"rendered":"http:\/\/sana.sy\/tr\/?p=20624"},"modified":"2015-01-14T14:42:17","modified_gmt":"2015-01-14T12:42:17","slug":"kahramanlarimiz-askeri-zaferleri-buyutmeyi-surduruyorla","status":"publish","type":"post","link":"https:\/\/archive.sana.sy\/tr\/?p=20624","title":{"rendered":"Kahramanlar\u0131m\u0131z Askeri Zaferleri B\u00fcy\u00fctmeyi S\u00fcrd\u00fcr\u00fcyorlar"},"content":{"rendered":"<p>\u0130LLER \u2013 Bug\u00fcne kadar vatan\u0131 korumada hi\u00e7bir g\u00fcce boyun e\u011fmeyen kahraman birliklerimiz d\u00fcnyan\u0131n en g\u00fc\u00e7l\u00fc g\u00f6r\u00fcnen devletlerden finans ve silah yard\u0131m\u0131 alan ter\u00f6ristleri emsali g\u00f6r\u00fclmemi\u015f bir hezimete u\u011fratarak d\u00fcnya kamuoyunda vatanseverlik ve onurun timsali olmay\u0131 ba\u015fard\u0131lar.<\/p>\n<p><span style=\"color: #0000ff\">Haseke K\u0131rsal\u0131nda Ter\u00f6ristlerin Sald\u0131r\u0131 Giri\u015fimlerine Kar\u015f\u0131 Koyuldu<\/span><\/p>\n<p>Haseke Valili\u011finde bir kaynak SANA\u2019ya a\u00e7\u0131klamas\u0131nda ordu birliklerimizin Halk Savunma G\u00fc\u00e7leri ile i\u015fbirli\u011fi i\u00e7inde Haseke iline tabi Kam\u0131\u015fl\u0131 k\u0131rsal\u0131n\u0131n Tel Gazel ve Hurbat Cadou b\u00f6lgelerine sald\u0131r\u0131 giri\u015fiminde bulunan I\u015e\u0130D ter\u00f6ristlerine kar\u015f\u0131 koyduklar\u0131n\u0131 belirtti.<\/p>\n<p>Kaynak ya\u015fanan \u00e7at\u0131\u015fmalarda I\u015e\u0130D\u2019li \u00e7ok say\u0131da ter\u00f6ristin yan\u0131 s\u0131ra silah ve m\u00fchimmatlar\u0131n\u0131n etkisizle\u015ftirildi\u011fini belirtti.<\/p>\n<p>Ordu birliklerimiz ayn\u0131 zamanda Haseke k\u0131rsal\u0131 Tel Mecdel, Havuz, S\u0131ddik Kav\u015fa\u011f\u0131, Tel Hamis ve Tel Brak b\u00f6lgelerinde I\u015e\u0130D\u2019li bir\u00e7ok ter\u00f6risti \u00f6ld\u00fcrd\u00fc.<\/p>\n<p><span style=\"color: #0000ff\">Homs K\u0131rsal\u0131nda Onlarca Ter\u00f6rist \u00d6ld\u00fcr\u00fcld\u00fc<\/span><\/p>\n<p>\u00d6te yandan askeri kaynak ordu birliklerimizin Homs iline tabi Ksayr k\u0131rsal\u0131 Semermer Vadisi ve Kahf Vadisine ilaveten Homs k\u0131rsal\u0131n\u0131n do\u011fusu G\u00fcney M\u015feyrfe K\u00f6y\u00fc ve G\u00fcney M\u015feyrfe ile Racm el Kasr k\u00f6yleri aralar\u0131nda \u00e7ok say\u0131da ter\u00f6risti \u00f6l\u00fc ve yaral\u0131 d\u00fc\u015f\u00fcrd\u00fcklerini ifade etti.<\/p>\n<p><span style=\"color: #0000ff\">Dera K\u0131rsal\u0131nda Bir\u00e7ok Ter\u00f6rist Etkisizle\u015ftirildi<\/span><\/p>\n<p>Dera k\u0131rsal\u0131nda ise ordu birliklerimiz Busra el \u015eam ve Mareba b\u00f6lgelerinde \u0130srail deste\u011fi alan tekfirci ve hain ter\u00f6r \u00e7etelerin mevkilerini hedef al\u0131p onlarla s\u0131cak temasa girdi.<\/p>\n<p>Saha kaynaklar\u0131 operasyonlarda onlarca ter\u00f6ristin \u00f6l\u00fc ve yaral\u0131 d\u00fc\u015f\u00fcr\u00fcld\u00fc\u011f\u00fcn\u00fc aktard\u0131.<\/p>\n<p><span style=\"color: #0000ff\">Deyrezzor ve K\u0131rsal\u0131nda I\u015e\u0130D Ter\u00f6r \u00d6rg\u00fct\u00fcn\u00fcn A\u011f\u0131r Kay\u0131plar\u0131 S\u00fcr\u00fcyor<\/span><\/p>\n<p>Askeri kaynak, ordu birliklerimizin Deyrezzor kenti ve k\u0131rsal\u0131n\u0131nn Cubeyle, R\u00fc\u015fdiye, Huveyka, Rusafa, Mureyiye, Cufra, Albuomar, Harita, Ayya\u015f, H\u00fcseyniye, Hisan, Huveycet Sakr b\u00f6lgelerinde I\u015e\u0130D ter\u00f6r \u00f6rg\u00fct\u00fcne ait bir ka\u00e7 silah ve cephane h\u00fccre ve deposu, 1 adet f\u00fcze bataryas\u0131 ile a\u011f\u0131r taramal\u0131 silahla donan\u0131ml\u0131 bir ka\u00e7 ara\u00e7lar\u0131n\u0131 imha ettiklerini s\u00f6yledi.<\/p>\n<p>Kaynak, ordu operasyonlar\u0131 sonucunda aralar\u0131nda Tunus uyruklu Abu Huzeyfe lakapl\u0131 ter\u00f6ristin bulundu\u011fu baz\u0131lar\u0131n\u0131n yabanc\u0131 uyruklu \u00e7ok say\u0131da I\u015e\u0130D ter\u00f6ristini \u00f6l\u00fc ve yaral\u0131 d\u00fc\u015f\u00fcrd\u00fcklerini a\u00e7\u0131klad\u0131.<\/p>\n","protected":false},"excerpt":{"rendered":"<p>\u0130LLER \u2013 Bug\u00fcne kadar vatan\u0131 korumada hi\u00e7bir g\u00fcce boyun e\u011fmeyen kahraman birliklerimiz d\u00fcnyan\u0131n en g\u00fc\u00e7l\u00fc g\u00f6r\u00fcnen devletlerden finans ve silah yard\u0131m\u0131 alan ter\u00f6ristleri emsali g\u00f6r\u00fclmemi\u015f bir hezimete u\u011fratarak d\u00fcnya kamuoyunda vatanseverlik ve onurun timsali olmay\u0131 ba\u015fard\u0131lar. Haseke K\u0131rsal\u0131nda Ter\u00f6ristlerin Sald\u0131r\u0131 Giri\u015fimlerine Kar\u015f\u0131 Koyuldu Haseke Valili\u011finde bir kaynak SANA\u2019ya a\u00e7\u0131klamas\u0131nda ordu birliklerimizin Halk Savunma G\u00fc\u00e7leri ile &hellip;<\/p>\n","protected":false},"author":1,"featured_media":20625,"comment_status":"closed","ping_status":"closed","sticky":false,"template":"","format":"standard","meta":{"footnotes":""},"categories":[575],"tags":[9951,9950,9952,9953],"class_list":["post-20624","post","type-post","status-publish","format-standard","has-post-thumbnail","","category-olaylar-ve-gercekler","tag-havuz","tag-kahramanlarimiz-askeri-zaferleri-buyutmeyi-surduruyorla-iller-bugune-kadar-vatani-korumada-hicbir-guce-boyun-egmeyen-kahraman-birliklerimiz-dunyanin-en-guclu-gorunen-devletlerden-finans-ve-s","tag-siddik-kavsagi","tag-tel-hamis-ve-tel-brak-bolgelerinde-isidli-bircok-teroristi-oldurdu-homs-kirsalinda-onlarca-terorist-olduruldu-ote-yandan-askeri-kaynak-ordu-birliklerimizin-homs-iline-tabi-ksayr-kirsali-seme"],"_links":{"self":[{"href":"https:\/\/archive.sana.sy\/tr\/index.php?rest_route=\/wp\/v2\/posts\/20624","targetHints":{"allow":["GET"]}}],"collection":[{"href":"https:\/\/archive.sana.sy\/tr\/index.php?rest_route=\/wp\/v2\/posts"}],"about":[{"href":"https:\/\/archive.sana.sy\/tr\/index.php?rest_route=\/wp\/v2\/types\/post"}],"author":[{"embeddable":true,"href":"https:\/\/archive.sana.sy\/tr\/index.php?rest_route=\/wp\/v2\/users\/1"}],"replies":[{"embeddable":true,"href":"https:\/\/archive.sana.sy\/tr\/index.php?rest_route=%2Fwp%2Fv2%2Fcomments&post=20624"}],"version-history":[{"count":0,"href":"https:\/\/archive.sana.sy\/tr\/index.php?rest_route=\/wp\/v2\/posts\/20624\/revisions"}],"wp:featuredmedia":[{"embeddable":true,"href":"https:\/\/archive.sana.sy\/tr\/index.php?rest_route=\/wp\/v2\/media\/20625"}],"wp:attachment":[{"href":"https:\/\/archive.sana.sy\/tr\/index.php?rest_route=%2Fwp%2Fv2%2Fmedia&parent=20624"}],"wp:term":[{"taxonomy":"category","embeddable":true,"href":"https:\/\/archive.sana.sy\/tr\/index.php?rest_route=%2Fwp%2Fv2%2Fcategories&post=20624"},{"taxonomy":"post_tag","embeddable":true,"href":"https:\/\/archive.sana.sy\/tr\/index.php?rest_route=%2Fwp%2Fv2%2Ftags&post=20624"}],"curies":[{"name":"wp","href":"https:\/\/api.w.org\/{rel}","templated":true}]}}