{"id":206319,"date":"2020-04-05T08:34:52","date_gmt":"2020-04-05T05:34:52","guid":{"rendered":"http:\/\/www.sana.sy\/tr\/?p=206319"},"modified":"2020-04-09T12:31:19","modified_gmt":"2020-04-09T09:31:19","slug":"sinema-evinizde-cercevesi-altinda-iki-uzun-metrajli-film","status":"publish","type":"post","link":"https:\/\/archive.sana.sy\/tr\/?p=206319","title":{"rendered":"Sinema Evinizde \u00c7er\u00e7evesi Alt\u0131nda \u0130ki Uzun Metrajl\u0131 Film"},"content":{"rendered":"<p>\u015eAM \u2013 Suriye Sinema Genel Kurumu &#8220;Sinema Evinizde&#8221; \u00e7er\u00e7evesinde en yeni filmlerinden olan iki uzun metrajl\u0131 filmi sunuyor.<\/p>\n<p>F\u0130M\u0130O Platformu kanal\u0131yla ba\u015flat\u0131lan s\u00f6z konusu inisiyatif, usta y\u00f6netmen Necdet \u0130smail Anzur&#8217;un &#8220;Dem el Nakhil&#8221; (Hurma Kan\u0131) ve y\u00f6netmen Ahmed \u0130brahim Ahmed&#8217;in &#8220;Ma Verd&#8221; (G\u00fcl Suyu) adl\u0131 uzun metrajl\u0131 Suriye Sinema Kurumunun en yeni filmlerini, Korona vir\u00fcs\u00fcne kar\u015f\u0131 koymada ihtiyati tedbirler ve siname k\u00fclt\u00fcr\u00fcn\u00fc yaymak amac\u0131yla sinema severlerle bir araya getiriyor.<\/p>\n<p>Her iki film bir hafta boyunca isteyen herkez izleyebilecek. Ge\u00e7en hafta i\u00e7erisinde de y\u00f6netmen Basil el Hatib&#8217;in &#8220;\u0130tiraf&#8221; ile Abdullatif Abdulhamid&#8217;in &#8220;resital&#8221; adl\u0131 filmlerini sinema severlerle bulu\u015fturmu\u015ftu.<\/p>\n","protected":false},"excerpt":{"rendered":"<p>\u015eAM \u2013 Suriye Sinema Genel Kurumu &#8220;Sinema Evinizde&#8221; \u00e7er\u00e7evesinde en yeni filmlerinden olan iki uzun metrajl\u0131 filmi sunuyor. F\u0130M\u0130O Platformu kanal\u0131yla ba\u015flat\u0131lan s\u00f6z konusu inisiyatif, usta y\u00f6netmen Necdet \u0130smail Anzur&#8217;un &#8220;Dem el Nakhil&#8221; (Hurma Kan\u0131) ve y\u00f6netmen Ahmed \u0130brahim Ahmed&#8217;in &#8220;Ma Verd&#8221; (G\u00fcl Suyu) adl\u0131 uzun metrajl\u0131 Suriye Sinema Kurumunun en yeni filmlerini, Korona vir\u00fcs\u00fcne &hellip;<\/p>\n","protected":false},"author":1,"featured_media":206320,"comment_status":"closed","ping_status":"closed","sticky":false,"template":"","format":"standard","meta":{"footnotes":""},"categories":[516,479,511,478],"tags":[],"class_list":["post-206319","post","type-post","status-publish","format-standard","has-post-thumbnail","","category-haberler-kultur-ve-sanat","category-haberler-yerel","category-kultur-ve-sanat","category-yerel"],"_links":{"self":[{"href":"https:\/\/archive.sana.sy\/tr\/index.php?rest_route=\/wp\/v2\/posts\/206319","targetHints":{"allow":["GET"]}}],"collection":[{"href":"https:\/\/archive.sana.sy\/tr\/index.php?rest_route=\/wp\/v2\/posts"}],"about":[{"href":"https:\/\/archive.sana.sy\/tr\/index.php?rest_route=\/wp\/v2\/types\/post"}],"author":[{"embeddable":true,"href":"https:\/\/archive.sana.sy\/tr\/index.php?rest_route=\/wp\/v2\/users\/1"}],"replies":[{"embeddable":true,"href":"https:\/\/archive.sana.sy\/tr\/index.php?rest_route=%2Fwp%2Fv2%2Fcomments&post=206319"}],"version-history":[{"count":0,"href":"https:\/\/archive.sana.sy\/tr\/index.php?rest_route=\/wp\/v2\/posts\/206319\/revisions"}],"wp:featuredmedia":[{"embeddable":true,"href":"https:\/\/archive.sana.sy\/tr\/index.php?rest_route=\/wp\/v2\/media\/206320"}],"wp:attachment":[{"href":"https:\/\/archive.sana.sy\/tr\/index.php?rest_route=%2Fwp%2Fv2%2Fmedia&parent=206319"}],"wp:term":[{"taxonomy":"category","embeddable":true,"href":"https:\/\/archive.sana.sy\/tr\/index.php?rest_route=%2Fwp%2Fv2%2Fcategories&post=206319"},{"taxonomy":"post_tag","embeddable":true,"href":"https:\/\/archive.sana.sy\/tr\/index.php?rest_route=%2Fwp%2Fv2%2Ftags&post=206319"}],"curies":[{"name":"wp","href":"https:\/\/api.w.org\/{rel}","templated":true}]}}