{"id":206703,"date":"2020-04-11T19:29:07","date_gmt":"2020-04-11T16:29:07","guid":{"rendered":"http:\/\/www.sana.sy\/tr\/?p=206703"},"modified":"2020-04-12T21:38:50","modified_gmt":"2020-04-12T18:38:50","slug":"sb-suriyede-korona-viruse-yakalanan-6-vaka-daha-kaydedildi","status":"publish","type":"post","link":"https:\/\/archive.sana.sy\/tr\/?p=206703","title":{"rendered":"SB: Suriye&#8217;de Korona Vir\u00fcse Yakalanan 6 Vaka Daha Kaydedildi, 1 Vaka \u0130yile\u015fti"},"content":{"rendered":"<p>\u015eAM \u2013 Sa\u011fl\u0131k Bakanl\u0131\u011f\u0131 bug\u00fcn, Suriye&#8217;de 6 Korona vir\u00fcs vakas\u0131n\u0131n daha kaydedildi\u011fini ve \u00fclkede vaka say\u0131s\u0131n\u0131n b\u00f6ylece 25&#8217;e y\u00fckseldi\u011fini ilan etti.<\/p>\n<p>Sa\u011fl\u0131k Bakanl\u0131\u011f\u0131 ayr\u0131ca SANA&#8217;n\u0131nda bir n\u00fcshas\u0131n\u0131 ald\u0131\u011f\u0131 beyan\u0131nda, \u00fclkede tescil edilen 25 Korona vir\u00fcs vakalar\u0131ndan birinin bug\u00fcn iyile\u015fti\u011fini, iyile\u015fen vaka say\u0131s\u0131n\u0131n da 5&#8217;e y\u00fckseldi\u011fini belirtti.<\/p>\n<p>Sa\u011fl\u0131k Bakanl\u0131\u011f\u0131 birka\u00e7 g\u00fcn \u00f6nce de 4\u00a0 korona vakas\u0131n\u0131n iyile\u015fti\u011fini iki vakan\u0131n da vefatetti\u011fini ilan etmi\u015fti.<\/p>\n<p>Bilinece\u011fi \u00fczere Suriye&#8217;de ilk Korona vir\u00fcs vakas\u0131 22 Mart&#8217;ta \u00fclkeye y\u0131rt d\u0131\u015f\u0131ndan giri\u015f yapan bir \u015fah\u0131s \u00fczerinde kaydedilmi\u015fti.<\/p>\n","protected":false},"excerpt":{"rendered":"<p>\u015eAM \u2013 Sa\u011fl\u0131k Bakanl\u0131\u011f\u0131 bug\u00fcn, Suriye&#8217;de 6 Korona vir\u00fcs vakas\u0131n\u0131n daha kaydedildi\u011fini ve \u00fclkede vaka say\u0131s\u0131n\u0131n b\u00f6ylece 25&#8217;e y\u00fckseldi\u011fini ilan etti. Sa\u011fl\u0131k Bakanl\u0131\u011f\u0131 ayr\u0131ca SANA&#8217;n\u0131nda bir n\u00fcshas\u0131n\u0131 ald\u0131\u011f\u0131 beyan\u0131nda, \u00fclkede tescil edilen 25 Korona vir\u00fcs vakalar\u0131ndan birinin bug\u00fcn iyile\u015fti\u011fini, iyile\u015fen vaka say\u0131s\u0131n\u0131n da 5&#8217;e y\u00fckseldi\u011fini belirtti. Sa\u011fl\u0131k Bakanl\u0131\u011f\u0131 birka\u00e7 g\u00fcn \u00f6nce de 4\u00a0 korona vakas\u0131n\u0131n &hellip;<\/p>\n","protected":false},"author":1,"featured_media":206710,"comment_status":"closed","ping_status":"closed","sticky":false,"template":"","format":"standard","meta":{"footnotes":""},"categories":[526,479,17988,525,478],"tags":[],"class_list":["post-206703","post","type-post","status-publish","format-standard","has-post-thumbnail","","category-haber-ve-raporlar","category-haberler-yerel","category-son-haberler","category-toplum","category-yerel"],"_links":{"self":[{"href":"https:\/\/archive.sana.sy\/tr\/index.php?rest_route=\/wp\/v2\/posts\/206703","targetHints":{"allow":["GET"]}}],"collection":[{"href":"https:\/\/archive.sana.sy\/tr\/index.php?rest_route=\/wp\/v2\/posts"}],"about":[{"href":"https:\/\/archive.sana.sy\/tr\/index.php?rest_route=\/wp\/v2\/types\/post"}],"author":[{"embeddable":true,"href":"https:\/\/archive.sana.sy\/tr\/index.php?rest_route=\/wp\/v2\/users\/1"}],"replies":[{"embeddable":true,"href":"https:\/\/archive.sana.sy\/tr\/index.php?rest_route=%2Fwp%2Fv2%2Fcomments&post=206703"}],"version-history":[{"count":0,"href":"https:\/\/archive.sana.sy\/tr\/index.php?rest_route=\/wp\/v2\/posts\/206703\/revisions"}],"wp:featuredmedia":[{"embeddable":true,"href":"https:\/\/archive.sana.sy\/tr\/index.php?rest_route=\/wp\/v2\/media\/206710"}],"wp:attachment":[{"href":"https:\/\/archive.sana.sy\/tr\/index.php?rest_route=%2Fwp%2Fv2%2Fmedia&parent=206703"}],"wp:term":[{"taxonomy":"category","embeddable":true,"href":"https:\/\/archive.sana.sy\/tr\/index.php?rest_route=%2Fwp%2Fv2%2Fcategories&post=206703"},{"taxonomy":"post_tag","embeddable":true,"href":"https:\/\/archive.sana.sy\/tr\/index.php?rest_route=%2Fwp%2Fv2%2Ftags&post=206703"}],"curies":[{"name":"wp","href":"https:\/\/api.w.org\/{rel}","templated":true}]}}