{"id":206791,"date":"2020-04-12T19:43:12","date_gmt":"2020-04-12T16:43:12","guid":{"rendered":"http:\/\/www.sana.sy\/tr\/?p=206791"},"modified":"2020-04-15T08:45:54","modified_gmt":"2020-04-15T05:45:54","slug":"suriye-hiristiyan-taifeleri-namaz-ve-ayinlerle-paskalya-bayramini-kutluyor","status":"publish","type":"post","link":"https:\/\/archive.sana.sy\/tr\/?p=206791","title":{"rendered":"Suriye H\u0131ristiyan Taifeleri Namaz ve Ayinlerle Paskalya Bayram\u0131n\u0131 Kutluyor"},"content":{"rendered":"<p>\u0130LLER \u2013 Bat\u0131 takvimine tabi Suriye h\u0131ristiyan taifeleri, koronavir\u00fcse kar\u015f\u0131 koyma tedbielerine uyarak paskalya kutlamalar\u0131n\u0131 kat\u0131l\u0131m olmadan ger\u00e7ekle\u015fti.<\/p>\n<p>\u015eam El Zeytun Mahallesinde bulunan Rum Krall\u0131k Katoliklere ait Seyidet El Niyah katedralinde Antakiya ve t\u00fcm do\u011fu patri\u011fi Yusuf Absi ayini ba\u015fkanl\u0131k etti.<\/p>\n<p>Patrik, insanlar aras\u0131ndaki ili\u015fkileri onarmaya, birbirimize g\u00fcven yaratmaya ve Suriye i\u00e7in dua etmeye \u00e7a\u011f\u0131rd\u0131.<\/p>\n<p>Patrik Absi, Suriye Arap Ordusu ve Cumhurba\u015fkan\u0131 Be\u015far Esed\u2019in korumas\u0131 i\u00e7in dua etti.<\/p>\n<p>\u015eam Ulusal \u0130ncil Kilisesinde Papaz Butros Zaur ayini ba\u015fkanl\u0131k etti.<\/p>\n<p>Kumeyt Yusuf<\/p>\n<p>&nbsp;<\/p>\n<p>&nbsp;<\/p>\n","protected":false},"excerpt":{"rendered":"<p>\u0130LLER \u2013 Bat\u0131 takvimine tabi Suriye h\u0131ristiyan taifeleri, koronavir\u00fcse kar\u015f\u0131 koyma tedbielerine uyarak paskalya kutlamalar\u0131n\u0131 kat\u0131l\u0131m olmadan ger\u00e7ekle\u015fti. \u015eam El Zeytun Mahallesinde bulunan Rum Krall\u0131k Katoliklere ait Seyidet El Niyah katedralinde Antakiya ve t\u00fcm do\u011fu patri\u011fi Yusuf Absi ayini ba\u015fkanl\u0131k etti. Patrik, insanlar aras\u0131ndaki ili\u015fkileri onarmaya, birbirimize g\u00fcven yaratmaya ve Suriye i\u00e7in dua etmeye \u00e7a\u011f\u0131rd\u0131. &hellip;<\/p>\n","protected":false},"author":1,"featured_media":206792,"comment_status":"closed","ping_status":"closed","sticky":false,"template":"","format":"standard","meta":{"footnotes":""},"categories":[479,17988,478],"tags":[],"class_list":["post-206791","post","type-post","status-publish","format-standard","has-post-thumbnail","","category-haberler-yerel","category-son-haberler","category-yerel"],"_links":{"self":[{"href":"https:\/\/archive.sana.sy\/tr\/index.php?rest_route=\/wp\/v2\/posts\/206791","targetHints":{"allow":["GET"]}}],"collection":[{"href":"https:\/\/archive.sana.sy\/tr\/index.php?rest_route=\/wp\/v2\/posts"}],"about":[{"href":"https:\/\/archive.sana.sy\/tr\/index.php?rest_route=\/wp\/v2\/types\/post"}],"author":[{"embeddable":true,"href":"https:\/\/archive.sana.sy\/tr\/index.php?rest_route=\/wp\/v2\/users\/1"}],"replies":[{"embeddable":true,"href":"https:\/\/archive.sana.sy\/tr\/index.php?rest_route=%2Fwp%2Fv2%2Fcomments&post=206791"}],"version-history":[{"count":0,"href":"https:\/\/archive.sana.sy\/tr\/index.php?rest_route=\/wp\/v2\/posts\/206791\/revisions"}],"wp:featuredmedia":[{"embeddable":true,"href":"https:\/\/archive.sana.sy\/tr\/index.php?rest_route=\/wp\/v2\/media\/206792"}],"wp:attachment":[{"href":"https:\/\/archive.sana.sy\/tr\/index.php?rest_route=%2Fwp%2Fv2%2Fmedia&parent=206791"}],"wp:term":[{"taxonomy":"category","embeddable":true,"href":"https:\/\/archive.sana.sy\/tr\/index.php?rest_route=%2Fwp%2Fv2%2Fcategories&post=206791"},{"taxonomy":"post_tag","embeddable":true,"href":"https:\/\/archive.sana.sy\/tr\/index.php?rest_route=%2Fwp%2Fv2%2Ftags&post=206791"}],"curies":[{"name":"wp","href":"https:\/\/api.w.org\/{rel}","templated":true}]}}