{"id":206810,"date":"2020-04-12T21:47:55","date_gmt":"2020-04-12T18:47:55","guid":{"rendered":"http:\/\/www.sana.sy\/tr\/?p=206810"},"modified":"2020-04-15T08:46:39","modified_gmt":"2020-04-15T05:46:39","slug":"sulhi-vadisi-muzik-konservatuarindaki-arap-muzik-orkestrasi-sanal-dunya-kanliyla-sevgi-mesaji-yolladi","status":"publish","type":"post","link":"https:\/\/archive.sana.sy\/tr\/?p=206810","title":{"rendered":"Sulhi Vadisi M\u00fczik Konservatuar\u0131&#8217;ndaki Arap M\u00fczik Orkestras\u0131 Sanal D\u00fcnya Kanl\u0131yla Sevgi Mesaj\u0131 Yollad\u0131"},"content":{"rendered":"<p>\u015eAM \u2013 Sulhi el Vadi Konservatuar\u0131nda gelecek nesil sanat\u00e7\u0131lar\u0131 Konservatuar\u0131n resmi internet sayfas\u0131 kanal\u0131yla \u00fcnl\u00fc m\u00fczisyen Ziad el Rahbani&#8217;nin &#8220;Vekamh&#8221; par\u00e7as\u0131n\u0131 \u00e7alarak sevgi mesaj\u0131 yay\u0131nlad\u0131.<\/p>\n<p>M\u00fczisyen Mehdi Al Mehdi liderli\u011findeki orkestra, ilk par\u00e7alar\u0131n\u0131 enstit\u00fcdeki 10 ila 16 ya\u015f aras\u0131nda de\u011fi\u015fen 38 \u00f6\u011frenci ilk par\u00e7alar\u0131n\u0131 yay\u0131nlad\u0131.<\/p>\n<p>\u00d6\u011freniclerin \u00e7ald\u0131klar\u0131 na\u011fmeler, Keman, viyola, viyolonsel, ud, kanun ve ritm aletleriyle, \u00fcnl\u00fc sanat\u00e7\u0131 Feyruz&#8217;un &#8220;Mu\u015f Kayin Heyk Tkun&#8221; alb\u00fcm\u00fcndeki par\u00e7alar i\u00e7erisinde Ziyad Rahbani&#8217;nin selendirdi\u011fi par\u00e7as\u0131n\u0131 sundular.<\/p>\n","protected":false},"excerpt":{"rendered":"<p>\u015eAM \u2013 Sulhi el Vadi Konservatuar\u0131nda gelecek nesil sanat\u00e7\u0131lar\u0131 Konservatuar\u0131n resmi internet sayfas\u0131 kanal\u0131yla \u00fcnl\u00fc m\u00fczisyen Ziad el Rahbani&#8217;nin &#8220;Vekamh&#8221; par\u00e7as\u0131n\u0131 \u00e7alarak sevgi mesaj\u0131 yay\u0131nlad\u0131. M\u00fczisyen Mehdi Al Mehdi liderli\u011findeki orkestra, ilk par\u00e7alar\u0131n\u0131 enstit\u00fcdeki 10 ila 16 ya\u015f aras\u0131nda de\u011fi\u015fen 38 \u00f6\u011frenci ilk par\u00e7alar\u0131n\u0131 yay\u0131nlad\u0131. \u00d6\u011freniclerin \u00e7ald\u0131klar\u0131 na\u011fmeler, Keman, viyola, viyolonsel, ud, kanun ve ritm &hellip;<\/p>\n","protected":false},"author":1,"featured_media":206811,"comment_status":"closed","ping_status":"closed","sticky":false,"template":"","format":"standard","meta":{"footnotes":""},"categories":[541,516,511,17988,538],"tags":[],"class_list":["post-206810","post","type-post","status-publish","format-standard","has-post-thumbnail","","category-haberler","category-haberler-kultur-ve-sanat","category-kultur-ve-sanat","category-son-haberler","category-yasam"],"_links":{"self":[{"href":"https:\/\/archive.sana.sy\/tr\/index.php?rest_route=\/wp\/v2\/posts\/206810","targetHints":{"allow":["GET"]}}],"collection":[{"href":"https:\/\/archive.sana.sy\/tr\/index.php?rest_route=\/wp\/v2\/posts"}],"about":[{"href":"https:\/\/archive.sana.sy\/tr\/index.php?rest_route=\/wp\/v2\/types\/post"}],"author":[{"embeddable":true,"href":"https:\/\/archive.sana.sy\/tr\/index.php?rest_route=\/wp\/v2\/users\/1"}],"replies":[{"embeddable":true,"href":"https:\/\/archive.sana.sy\/tr\/index.php?rest_route=%2Fwp%2Fv2%2Fcomments&post=206810"}],"version-history":[{"count":0,"href":"https:\/\/archive.sana.sy\/tr\/index.php?rest_route=\/wp\/v2\/posts\/206810\/revisions"}],"wp:featuredmedia":[{"embeddable":true,"href":"https:\/\/archive.sana.sy\/tr\/index.php?rest_route=\/wp\/v2\/media\/206811"}],"wp:attachment":[{"href":"https:\/\/archive.sana.sy\/tr\/index.php?rest_route=%2Fwp%2Fv2%2Fmedia&parent=206810"}],"wp:term":[{"taxonomy":"category","embeddable":true,"href":"https:\/\/archive.sana.sy\/tr\/index.php?rest_route=%2Fwp%2Fv2%2Fcategories&post=206810"},{"taxonomy":"post_tag","embeddable":true,"href":"https:\/\/archive.sana.sy\/tr\/index.php?rest_route=%2Fwp%2Fv2%2Ftags&post=206810"}],"curies":[{"name":"wp","href":"https:\/\/api.w.org\/{rel}","templated":true}]}}