{"id":206819,"date":"2020-04-12T23:08:43","date_gmt":"2020-04-12T20:08:43","guid":{"rendered":"http:\/\/www.sana.sy\/tr\/?p=206819"},"modified":"2020-04-15T08:47:08","modified_gmt":"2020-04-15T05:47:08","slug":"lazkiyedeki-el-sevre-barajinin-depolama-siniri-ust-seviyesine-ulasti","status":"publish","type":"post","link":"https:\/\/archive.sana.sy\/tr\/?p=206819","title":{"rendered":"Lazkiye\u2019deki El Sevre Baraj\u0131\u2019n\u0131n Depolama S\u0131n\u0131r\u0131 \u00dcst Seviyesine Ula\u015ft\u0131"},"content":{"rendered":"<p>LAZK\u0130YE \u2013 Lazkiye\u2019nin \u015fahit oldu\u011fu yo\u011fun ya\u011fmur sayesinde El Sevre baraj\u0131 en \u00fcst seviyesine ula\u015ft\u0131.<\/p>\n<p>Lazkiye Su Kaynaklar\u0131 M\u00fcd\u00fcr\u00fc M\u00fch. Nebil Hasan SANA\u2019ya verdi\u011fi demecinde, barajdaki su depolama hacminin 97,8 milyon m3 oldu\u011funu belirtti.<\/p>\n<p>Hasan, Lazkiye\u2019de hizmette baraj say\u0131s\u0131n\u0131n 14 oldu\u011fu ve toplam depolama hacmi 366,45 milyon m3 oldu\u011funu s\u00f6yledi.<\/p>\n<p>Hasan\u2019a g\u00f6re, El Sevre baraj\u0131n\u0131n 7961 hiktar arazi sulad\u0131\u011f\u0131n\u0131 ifade etti.<\/p>\n<p>Kumeyt Yusuf<\/p>\n<p>&nbsp;<\/p>\n","protected":false},"excerpt":{"rendered":"<p>LAZK\u0130YE \u2013 Lazkiye\u2019nin \u015fahit oldu\u011fu yo\u011fun ya\u011fmur sayesinde El Sevre baraj\u0131 en \u00fcst seviyesine ula\u015ft\u0131. Lazkiye Su Kaynaklar\u0131 M\u00fcd\u00fcr\u00fc M\u00fch. Nebil Hasan SANA\u2019ya verdi\u011fi demecinde, barajdaki su depolama hacminin 97,8 milyon m3 oldu\u011funu belirtti. Hasan, Lazkiye\u2019de hizmette baraj say\u0131s\u0131n\u0131n 14 oldu\u011fu ve toplam depolama hacmi 366,45 milyon m3 oldu\u011funu s\u00f6yledi. Hasan\u2019a g\u00f6re, El Sevre baraj\u0131n\u0131n &hellip;<\/p>\n","protected":false},"author":1,"featured_media":206820,"comment_status":"closed","ping_status":"closed","sticky":false,"template":"","format":"standard","meta":{"footnotes":""},"categories":[541,479,17988,538,478],"tags":[],"class_list":["post-206819","post","type-post","status-publish","format-standard","has-post-thumbnail","","category-haberler","category-haberler-yerel","category-son-haberler","category-yasam","category-yerel"],"_links":{"self":[{"href":"https:\/\/archive.sana.sy\/tr\/index.php?rest_route=\/wp\/v2\/posts\/206819","targetHints":{"allow":["GET"]}}],"collection":[{"href":"https:\/\/archive.sana.sy\/tr\/index.php?rest_route=\/wp\/v2\/posts"}],"about":[{"href":"https:\/\/archive.sana.sy\/tr\/index.php?rest_route=\/wp\/v2\/types\/post"}],"author":[{"embeddable":true,"href":"https:\/\/archive.sana.sy\/tr\/index.php?rest_route=\/wp\/v2\/users\/1"}],"replies":[{"embeddable":true,"href":"https:\/\/archive.sana.sy\/tr\/index.php?rest_route=%2Fwp%2Fv2%2Fcomments&post=206819"}],"version-history":[{"count":0,"href":"https:\/\/archive.sana.sy\/tr\/index.php?rest_route=\/wp\/v2\/posts\/206819\/revisions"}],"wp:featuredmedia":[{"embeddable":true,"href":"https:\/\/archive.sana.sy\/tr\/index.php?rest_route=\/wp\/v2\/media\/206820"}],"wp:attachment":[{"href":"https:\/\/archive.sana.sy\/tr\/index.php?rest_route=%2Fwp%2Fv2%2Fmedia&parent=206819"}],"wp:term":[{"taxonomy":"category","embeddable":true,"href":"https:\/\/archive.sana.sy\/tr\/index.php?rest_route=%2Fwp%2Fv2%2Fcategories&post=206819"},{"taxonomy":"post_tag","embeddable":true,"href":"https:\/\/archive.sana.sy\/tr\/index.php?rest_route=%2Fwp%2Fv2%2Ftags&post=206819"}],"curies":[{"name":"wp","href":"https:\/\/api.w.org\/{rel}","templated":true}]}}