{"id":206929,"date":"2020-04-14T20:01:45","date_gmt":"2020-04-14T17:01:45","guid":{"rendered":"http:\/\/www.sana.sy\/tr\/?p=206929"},"modified":"2020-04-15T19:52:28","modified_gmt":"2020-04-15T16:52:28","slug":"sb-yeni-dort-korona-virus-vakasi-kaydedildi","status":"publish","type":"post","link":"https:\/\/archive.sana.sy\/tr\/?p=206929","title":{"rendered":"SB: Yeni D\u00f6rt Korona Vir\u00fcs Vakas\u0131 Kaydedildi"},"content":{"rendered":"<p style=\"text-align: justify;\">\u015eAM &#8211; Sa\u011fl\u0131k Bakanl\u0131\u011f\u0131, Suriye&#8217;de bug\u00fcn 4 Korona Vir\u00fcs vakas\u0131n\u0131n daha kaydedildi\u011fini b\u00f6ylece Suriye&#8217;de vaka say\u0131s\u0131n\u0131n 29&#8217;a y\u00fckseldi\u011fini ilan etti.<\/p>\n<p style=\"text-align: justify;\">Bakanlik SANA&#8217;n\u0131n da bir n\u00fcshas\u0131n\u0131 ald\u0131\u011f\u0131 beyan\u0131nda, Suriye&#8217;de bug\u00fcne kadar tescil edilen yeni tip korona vir\u00fcs say\u0131s\u0131n\u0131n 29&#8217;a y\u00fckdseldi\u011fini ve Suriye&#8217;de \u015fimdiye kadar tescil edilen 29 vakadan 5&#8217;inin iyile\u015fti\u011fini 2&#8217;sinin de vefat etti\u011fini a\u00e7\u0131klad\u0131.<\/p>\n<p style=\"text-align: justify;\">Suriye&#8217;de ilk vaka \u00fclkeye yurt d\u0131\u015f\u0131ndan gelen bir \u00fczerinde 22 Mart tarihinde kaydedilmi\u015fti.<\/p>\n","protected":false},"excerpt":{"rendered":"<p>\u015eAM &#8211; Sa\u011fl\u0131k Bakanl\u0131\u011f\u0131, Suriye&#8217;de bug\u00fcn 4 Korona Vir\u00fcs vakas\u0131n\u0131n daha kaydedildi\u011fini b\u00f6ylece Suriye&#8217;de vaka say\u0131s\u0131n\u0131n 29&#8217;a y\u00fckseldi\u011fini ilan etti. Bakanlik SANA&#8217;n\u0131n da bir n\u00fcshas\u0131n\u0131 ald\u0131\u011f\u0131 beyan\u0131nda, Suriye&#8217;de bug\u00fcne kadar tescil edilen yeni tip korona vir\u00fcs say\u0131s\u0131n\u0131n 29&#8217;a y\u00fckdseldi\u011fini ve Suriye&#8217;de \u015fimdiye kadar tescil edilen 29 vakadan 5&#8217;inin iyile\u015fti\u011fini 2&#8217;sinin de vefat etti\u011fini a\u00e7\u0131klad\u0131. Suriye&#8217;de &hellip;<\/p>\n","protected":false},"author":1,"featured_media":206979,"comment_status":"closed","ping_status":"closed","sticky":false,"template":"","format":"standard","meta":{"footnotes":""},"categories":[526,459,541,525,538,478],"tags":[],"class_list":["post-206929","post","type-post","status-publish","format-standard","has-post-thumbnail","","category-haber-ve-raporlar","category-haberler-arap-uluslararasi-politika","category-haberler","category-toplum","category-yasam","category-yerel"],"_links":{"self":[{"href":"https:\/\/archive.sana.sy\/tr\/index.php?rest_route=\/wp\/v2\/posts\/206929","targetHints":{"allow":["GET"]}}],"collection":[{"href":"https:\/\/archive.sana.sy\/tr\/index.php?rest_route=\/wp\/v2\/posts"}],"about":[{"href":"https:\/\/archive.sana.sy\/tr\/index.php?rest_route=\/wp\/v2\/types\/post"}],"author":[{"embeddable":true,"href":"https:\/\/archive.sana.sy\/tr\/index.php?rest_route=\/wp\/v2\/users\/1"}],"replies":[{"embeddable":true,"href":"https:\/\/archive.sana.sy\/tr\/index.php?rest_route=%2Fwp%2Fv2%2Fcomments&post=206929"}],"version-history":[{"count":0,"href":"https:\/\/archive.sana.sy\/tr\/index.php?rest_route=\/wp\/v2\/posts\/206929\/revisions"}],"wp:featuredmedia":[{"embeddable":true,"href":"https:\/\/archive.sana.sy\/tr\/index.php?rest_route=\/wp\/v2\/media\/206979"}],"wp:attachment":[{"href":"https:\/\/archive.sana.sy\/tr\/index.php?rest_route=%2Fwp%2Fv2%2Fmedia&parent=206929"}],"wp:term":[{"taxonomy":"category","embeddable":true,"href":"https:\/\/archive.sana.sy\/tr\/index.php?rest_route=%2Fwp%2Fv2%2Fcategories&post=206929"},{"taxonomy":"post_tag","embeddable":true,"href":"https:\/\/archive.sana.sy\/tr\/index.php?rest_route=%2Fwp%2Fv2%2Ftags&post=206929"}],"curies":[{"name":"wp","href":"https:\/\/api.w.org\/{rel}","templated":true}]}}