{"id":207003,"date":"2020-04-15T16:40:13","date_gmt":"2020-04-15T13:40:13","guid":{"rendered":"http:\/\/www.sana.sy\/tr\/?p=207003"},"modified":"2020-04-16T08:20:57","modified_gmt":"2020-04-16T05:20:57","slug":"sehirlerarasi-ulasim-yasagi-2-mayis-tarihine-kadar-uzatildi","status":"publish","type":"post","link":"https:\/\/archive.sana.sy\/tr\/?p=207003","title":{"rendered":"\u015eehirleraras\u0131 Ula\u015f\u0131m Yasa\u011f\u0131 2 May\u0131s Tarihine Kadar Uzat\u0131ld\u0131"},"content":{"rendered":"<p style=\"text-align: justify;\">\u015eAM \u2013\u0130\u00e7i\u015fleri Bakankl\u0131\u011f\u0131 bug\u00fcn, \u015fehirleraras\u0131 ula\u015f\u0131m\u0131 yasaklayan Korona vir\u00fcs\u00fcne kar\u015f\u0131 koyma stratejisi ile ilgili h\u00fckumet ekibi karar\u0131n\u0131n uygulanmas\u0131yla ilgili olarak, \u015fehirleraras\u0131 ula\u015f\u0131m\u0131n yasaklanmas\u0131 karar\u0131n\u0131 2 May\u0131s&#8217;a kadar uzatt\u0131.<\/p>\n<p style=\"text-align: justify;\">Karar, yasak tedbirlerinden muaf tutulan t\u00fcm faaliyetleri kapsamamaktad\u0131r.<\/p>\n<p style=\"text-align: justify;\">Bilinece\u011fi \u00fczere Bakanlar Kurulu 29 Mart&#8217;ta, 31 Mart&#8217;tan ba\u015flay\u0131p 16 Nisan&#8217;da bitmek \u00fczere \u015fehirleraras\u0131 ula\u015f\u0131m\u0131 yasak eden bir karar alm\u0131\u015ft\u0131.<\/p>\n<p style=\"text-align: justify;\">S\u00f6z konusu bu karar vatanda\u015flar\u0131n sa\u011fl\u0131k ve selametlerine \u00f6zenden hareketle Korona vir\u00fcs\u00fcne kar\u015f\u0131 koymak i\u00e7inh\u00fckumetin ald\u0131\u011f\u0131 ihtiyati tedbirler kapsam\u0131nda geliyor.<\/p>\n","protected":false},"excerpt":{"rendered":"<p>\u015eAM \u2013\u0130\u00e7i\u015fleri Bakankl\u0131\u011f\u0131 bug\u00fcn, \u015fehirleraras\u0131 ula\u015f\u0131m\u0131 yasaklayan Korona vir\u00fcs\u00fcne kar\u015f\u0131 koyma stratejisi ile ilgili h\u00fckumet ekibi karar\u0131n\u0131n uygulanmas\u0131yla ilgili olarak, \u015fehirleraras\u0131 ula\u015f\u0131m\u0131n yasaklanmas\u0131 karar\u0131n\u0131 2 May\u0131s&#8217;a kadar uzatt\u0131. Karar, yasak tedbirlerinden muaf tutulan t\u00fcm faaliyetleri kapsamamaktad\u0131r. Bilinece\u011fi \u00fczere Bakanlar Kurulu 29 Mart&#8217;ta, 31 Mart&#8217;tan ba\u015flay\u0131p 16 Nisan&#8217;da bitmek \u00fczere \u015fehirleraras\u0131 ula\u015f\u0131m\u0131 yasak eden bir karar &hellip;<\/p>\n","protected":false},"author":1,"featured_media":207004,"comment_status":"closed","ping_status":"closed","sticky":false,"template":"","format":"standard","meta":{"footnotes":""},"categories":[526,479,17988,525,478],"tags":[],"class_list":["post-207003","post","type-post","status-publish","format-standard","has-post-thumbnail","","category-haber-ve-raporlar","category-haberler-yerel","category-son-haberler","category-toplum","category-yerel"],"_links":{"self":[{"href":"https:\/\/archive.sana.sy\/tr\/index.php?rest_route=\/wp\/v2\/posts\/207003","targetHints":{"allow":["GET"]}}],"collection":[{"href":"https:\/\/archive.sana.sy\/tr\/index.php?rest_route=\/wp\/v2\/posts"}],"about":[{"href":"https:\/\/archive.sana.sy\/tr\/index.php?rest_route=\/wp\/v2\/types\/post"}],"author":[{"embeddable":true,"href":"https:\/\/archive.sana.sy\/tr\/index.php?rest_route=\/wp\/v2\/users\/1"}],"replies":[{"embeddable":true,"href":"https:\/\/archive.sana.sy\/tr\/index.php?rest_route=%2Fwp%2Fv2%2Fcomments&post=207003"}],"version-history":[{"count":0,"href":"https:\/\/archive.sana.sy\/tr\/index.php?rest_route=\/wp\/v2\/posts\/207003\/revisions"}],"wp:featuredmedia":[{"embeddable":true,"href":"https:\/\/archive.sana.sy\/tr\/index.php?rest_route=\/wp\/v2\/media\/207004"}],"wp:attachment":[{"href":"https:\/\/archive.sana.sy\/tr\/index.php?rest_route=%2Fwp%2Fv2%2Fmedia&parent=207003"}],"wp:term":[{"taxonomy":"category","embeddable":true,"href":"https:\/\/archive.sana.sy\/tr\/index.php?rest_route=%2Fwp%2Fv2%2Fcategories&post=207003"},{"taxonomy":"post_tag","embeddable":true,"href":"https:\/\/archive.sana.sy\/tr\/index.php?rest_route=%2Fwp%2Fv2%2Ftags&post=207003"}],"curies":[{"name":"wp","href":"https:\/\/api.w.org\/{rel}","templated":true}]}}