{"id":207006,"date":"2020-04-15T17:39:42","date_gmt":"2020-04-15T14:39:42","guid":{"rendered":"http:\/\/www.sana.sy\/tr\/?p=207006"},"modified":"2020-04-16T13:39:48","modified_gmt":"2020-04-16T10:39:48","slug":"207006","status":"publish","type":"post","link":"https:\/\/archive.sana.sy\/tr\/?p=207006","title":{"rendered":"Korona&#8217;ya Ra\u011fmen Suriyeli \u00c7ift\u00e7iler Vatanda\u015flar\u0131n \u0130htiya\u00e7lar\u0131n\u0131 Kar\u015f\u0131lama \u00c7al\u0131\u015fmalar\u0131na Devam Ediyor"},"content":{"rendered":"<p style=\"text-align: justify;\">\u015eAM KIRSALI \u2013 \u00c7ift\u00e7i her zaman ve her \u015fartta vatanda\u015flar\u0131n g\u0131da ihtiya\u00e7lar\u0131n\u0131 kar\u015f\u0131lamak i\u00e7in tar\u0131m i\u015finin can damar\u0131n\u0131 temsil etmektedir.<\/p>\n<p style=\"text-align: justify;\">Korona vir\u00fcs\u00fcne kar\u015f\u0131 koymak i\u00e7in gerekli t\u00fcm korunma ve dezenfektasyon icraatlar\u0131n\u0131n t\u00fcm\u00fcyle silahlanarak arazisinde var g\u00fcc\u00fcyle \u00e7al\u0131\u015fmaya devam etmektedir.<\/p>\n<p style=\"text-align: justify;\">\u00c7ift\u00e7inin ilk hedefi, \u00f6zellikle de halihaz\u0131rdaki d\u00f6nem i\u00e7erisinde nebati ve hayvansal \u00e7\u0131klar\u0131yla yerel pazar\u0131 beslemek ve temel tar\u0131m maddelerinden kesmemek.<\/p>\n<p style=\"text-align: justify;\">Tar\u0131m arazilerinin geni\u015f ve a\u00e7\u0131k olu\u015fu \u00e7ift\u00e7ilerin tar\u0131m i\u015flerini yerine getirmeye yard\u0131mc\u0131 oldu\u011funu belirten \u00e7ift\u00e7ilerden Muhammed Tar\u015fan SANA muhabirine a\u00e7\u0131klams\u0131nda, korona vir\u00fcs\u00fcn\u00fcn geni\u015f tar\u0131m arazilerinde ve birbirlerinden uzak bir \u015fekilde \u00e7al\u0131\u015fan tar\u0131m i\u015f\u00e7ileri aras\u0131nda yay\u0131lma imkan\u0131n\u0131n \u00e7ok az oldu\u011fnu \u00e7\u00fcnk\u00fc tar\u0131m i\u015finin a\u00e7\u0131k oldu\u011funu ayr\u0131ca \u00e7ift\u00e7inin zaten kendi arazisinde ikamet etti\u011fini ve ba\u015fka insanlarla ileti\u015fim halinde olmad\u0131\u011f\u0131n\u0131 dile getirdi.<\/p>\n<p style=\"text-align: justify;\">SANA ekibi \u015eam K\u0131rsal\u0131 el Kisve ve el Tayba beldelerinde \u00e7ift\u00e7ilerin \u00e7al\u0131\u015fmalar\u0131n\u0131 g\u00f6zlemlerken, g\u00f6r\u00fc\u015ft\u00fckleri \u00e7ift\u00e7iler, ulusal ekonominin direncini ayakta tutmak i\u00e7in \u00e7al\u0131\u015ft\u0131klar\u0131n\u0131, yerel pazar\u0131n sebze ve meyveden t\u00fcm ihtiya\u00e7lar\u0131n\u0131 kar\u015f\u0131lamak \u00fczere ek \u00e7abalar sarfetmekten geri kalmayacaklar\u0131n\u0131 dile getirdiler.<\/p>\n<p style=\"text-align: justify;\">\u00c7ift\u00e7i Muhammed \u015eammut, karantina d\u00f6neminde vatanda\u015flar\u0131n tar\u0131m \u00fcr\u00fcnleri ihtriya\u00e7lar\u0131n\u0131 sa\u011flamak i\u00e7in i\u015flerini s\u00fcrd\u00fcrmeye ba\u011fl\u0131l\u0131klar\u0131n\u0131 belirtti.<\/p>\n<p style=\"text-align: justify;\">Bayan \u00e7ift\u00e7i Emine el A\u011fa, kendisi ve arkada\u015flar\u0131n\u0131n Marul i\u015finde \u00e7al\u0131\u015ft\u0131klar\u0131n\u0131, i\u015flerine sabah saat 7 bu\u00e7uktan ba\u015flay\u0131p saat 2&#8217;ye kadar s\u00fcrd\u00fcrd\u00fcklerini, ailesi ve vatanda\u015flara taze \u00fcr\u00fcnler sunmak i\u00e7in g\u00fcnl\u00fck olarak \u00e7al\u0131\u015ft\u0131klar\u0131n\u0131 ve korona vir\u00fcs icraatlar\u0131na tam bir \u015fekilde ba\u011fl\u0131 kald\u0131klar\u0131na dikkat \u00e7ekti.<\/p>\n<p style=\"text-align: justify;\">Kendi y\u00f6n\u00fcnden \u00e7ift\u00e7i Arkan el Hallak, ekimini yapt\u0131klar\u0131 \u00fcr\u00fcnlar aras\u0131nda, patates, sarm\u0131sak, bakla, bezelye ve arpan\u0131n bulundu\u011funu, tek arazide \u00e7al\u0131\u015fan i\u015f\u00e7i say\u0131s\u0131n\u0131n d\u00fc\u015f\u00fcr\u00fcld\u00fc\u011f\u00fcn\u00fc, i\u015flerin korona vir\u00fcs\u00fc yasa\u011f\u0131n\u0131n ihtiyati tedbirleri kapsam\u0131nda aile fertleriyle s\u0131n\u0131rland\u0131\u011f\u0131na i\u015faret etti.<\/p>\n<p style=\"text-align: justify;\">\u015eam ve K\u0131rsal\u0131 \u00c7ift\u00e7ileri Sendika Ba\u015fkan\u0131 Muhammed Halluf, halihaz\u0131rdaki mevsimin iyi oldu\u011funuh\u00fckumetin sundu\u011fu kolayl\u0131klar ve \u00e7ift\u00e7ilere destek kapsam\u0131nda bunun do\u011fal bir sonu\u00e7 oldu\u011funu buna ek olarak ya\u011fan ya\u011fmurlar\u0131n ekili alanlar\u0131n artmas\u0131na yard\u0131mc\u0131 oldu\u011funu dile getirdi.<\/p>\n<p style=\"text-align: justify;\">\u015eam K\u0131rsal\u0131 Tar\u0131m M\u00fcd\u00fcr\u00fc M\u00fchendis Arfan Ziyade, \u00e7if\u00e7ilerin ve hayvan besicilerinin zirai \u00fcretim s\u00fcrecini, arazilerine, ekim yerlerine gitmeyi, yerel pazar\u0131n tar\u0131m \u00fcr\u00fcnlerini pazarlamak ve gerekli t\u00fcm ihtiyati tedbirleri alarak mahs\u00fclleri hizmetlerini\u00a0 s\u00fcrd\u00fcrd\u00fcklerini belirtti.<\/p>\n<p style=\"text-align: justify;\">\n","protected":false},"excerpt":{"rendered":"<p>\u015eAM KIRSALI \u2013 \u00c7ift\u00e7i her zaman ve her \u015fartta vatanda\u015flar\u0131n g\u0131da ihtiya\u00e7lar\u0131n\u0131 kar\u015f\u0131lamak i\u00e7in tar\u0131m i\u015finin can damar\u0131n\u0131 temsil etmektedir. Korona vir\u00fcs\u00fcne kar\u015f\u0131 koymak i\u00e7in gerekli t\u00fcm korunma ve dezenfektasyon icraatlar\u0131n\u0131n t\u00fcm\u00fcyle silahlanarak arazisinde var g\u00fcc\u00fcyle \u00e7al\u0131\u015fmaya devam etmektedir. \u00c7ift\u00e7inin ilk hedefi, \u00f6zellikle de halihaz\u0131rdaki d\u00f6nem i\u00e7erisinde nebati ve hayvansal \u00e7\u0131klar\u0131yla yerel pazar\u0131 beslemek ve &hellip;<\/p>\n","protected":false},"author":1,"featured_media":207007,"comment_status":"closed","ping_status":"closed","sticky":false,"template":"","format":"standard","meta":{"footnotes":""},"categories":[541,479,17988,538,478],"tags":[],"class_list":["post-207006","post","type-post","status-publish","format-standard","has-post-thumbnail","","category-haberler","category-haberler-yerel","category-son-haberler","category-yasam","category-yerel"],"_links":{"self":[{"href":"https:\/\/archive.sana.sy\/tr\/index.php?rest_route=\/wp\/v2\/posts\/207006","targetHints":{"allow":["GET"]}}],"collection":[{"href":"https:\/\/archive.sana.sy\/tr\/index.php?rest_route=\/wp\/v2\/posts"}],"about":[{"href":"https:\/\/archive.sana.sy\/tr\/index.php?rest_route=\/wp\/v2\/types\/post"}],"author":[{"embeddable":true,"href":"https:\/\/archive.sana.sy\/tr\/index.php?rest_route=\/wp\/v2\/users\/1"}],"replies":[{"embeddable":true,"href":"https:\/\/archive.sana.sy\/tr\/index.php?rest_route=%2Fwp%2Fv2%2Fcomments&post=207006"}],"version-history":[{"count":0,"href":"https:\/\/archive.sana.sy\/tr\/index.php?rest_route=\/wp\/v2\/posts\/207006\/revisions"}],"wp:featuredmedia":[{"embeddable":true,"href":"https:\/\/archive.sana.sy\/tr\/index.php?rest_route=\/wp\/v2\/media\/207007"}],"wp:attachment":[{"href":"https:\/\/archive.sana.sy\/tr\/index.php?rest_route=%2Fwp%2Fv2%2Fmedia&parent=207006"}],"wp:term":[{"taxonomy":"category","embeddable":true,"href":"https:\/\/archive.sana.sy\/tr\/index.php?rest_route=%2Fwp%2Fv2%2Fcategories&post=207006"},{"taxonomy":"post_tag","embeddable":true,"href":"https:\/\/archive.sana.sy\/tr\/index.php?rest_route=%2Fwp%2Fv2%2Ftags&post=207006"}],"curies":[{"name":"wp","href":"https:\/\/api.w.org\/{rel}","templated":true}]}}