{"id":20701,"date":"2015-01-14T15:07:49","date_gmt":"2015-01-14T13:07:49","guid":{"rendered":"http:\/\/www.sana.sy\/tr\/?p=20701"},"modified":"2015-01-14T15:29:22","modified_gmt":"2015-01-14T13:29:22","slug":"muallim-endonezya-buyukelcisinin-guven-mektubunu-teslim-aldi","status":"publish","type":"post","link":"https:\/\/archive.sana.sy\/tr\/?p=20701","title":{"rendered":"Muallim Endonezya B\u00fcy\u00fckel\u00e7isinin G\u00fcven Mektubunu Teslim Ald\u0131"},"content":{"rendered":"<p>\u015eAM \u2013 Ba\u015fbakan Yard\u0131mc\u0131s\u0131 D\u0131\u015fi\u015fleri ve Gurbet\u00e7iler Bakan\u0131 Velid el Muallim bug\u00fcn Endonezya\u2019n\u0131n Suriye&#8217;de yeni B\u00fcy\u00fckel\u00e7isi Joko Harianto\u2019yu kabul ederek g\u00fcven mektubundan bir n\u00fcsha teslim ald\u0131.<\/p>\n<p>\u0130ki \u00fclke aras\u0131ndaki ili\u015fkilerin ele al\u0131nd\u0131\u011f\u0131 g\u00f6r\u00fc\u015fmede bu ili\u015fkileri muhtelif alanlarda geli\u015ftirme gere\u011fine dikkat \u00e7ekildi. Taraflar masum siviller ve hizmet kurumlar\u0131n\u0131n ter\u00f6r sald\u0131r\u0131lar\u0131na maruz kald\u0131\u011f\u0131 Suriye ve Endonezya aras\u0131nda uluslar aras\u0131 platformlarda i\u015fbirli\u011finin peki\u015ftirilmesi \u00f6nemine i\u015faret etti.<\/p>\n","protected":false},"excerpt":{"rendered":"<p>\u015eAM \u2013 Ba\u015fbakan Yard\u0131mc\u0131s\u0131 D\u0131\u015fi\u015fleri ve Gurbet\u00e7iler Bakan\u0131 Velid el Muallim bug\u00fcn Endonezya\u2019n\u0131n Suriye&#8217;de yeni B\u00fcy\u00fckel\u00e7isi Joko Harianto\u2019yu kabul ederek g\u00fcven mektubundan bir n\u00fcsha teslim ald\u0131. \u0130ki \u00fclke aras\u0131ndaki ili\u015fkilerin ele al\u0131nd\u0131\u011f\u0131 g\u00f6r\u00fc\u015fmede bu ili\u015fkileri muhtelif alanlarda geli\u015ftirme gere\u011fine dikkat \u00e7ekildi. Taraflar masum siviller ve hizmet kurumlar\u0131n\u0131n ter\u00f6r sald\u0131r\u0131lar\u0131na maruz kald\u0131\u011f\u0131 Suriye ve Endonezya aras\u0131nda &hellip;<\/p>\n","protected":false},"author":1,"featured_media":20702,"comment_status":"closed","ping_status":"closed","sticky":false,"template":"","format":"standard","meta":{"footnotes":""},"categories":[479,447,478],"tags":[10016],"class_list":["post-20701","post","type-post","status-publish","format-standard","has-post-thumbnail","","category-haberler-yerel","category-politika","category-yerel","tag-muallim-endonezya-buyukelcisinin-guven-mektubunu-teslim-aldi-sam-basbakan-yardimcisi-disisleri-ve-gurbetciler-bakani-velid-el-muallim-bugun-endonezyanin-suriyede-yeni-buyukelcisi-j"],"_links":{"self":[{"href":"https:\/\/archive.sana.sy\/tr\/index.php?rest_route=\/wp\/v2\/posts\/20701","targetHints":{"allow":["GET"]}}],"collection":[{"href":"https:\/\/archive.sana.sy\/tr\/index.php?rest_route=\/wp\/v2\/posts"}],"about":[{"href":"https:\/\/archive.sana.sy\/tr\/index.php?rest_route=\/wp\/v2\/types\/post"}],"author":[{"embeddable":true,"href":"https:\/\/archive.sana.sy\/tr\/index.php?rest_route=\/wp\/v2\/users\/1"}],"replies":[{"embeddable":true,"href":"https:\/\/archive.sana.sy\/tr\/index.php?rest_route=%2Fwp%2Fv2%2Fcomments&post=20701"}],"version-history":[{"count":0,"href":"https:\/\/archive.sana.sy\/tr\/index.php?rest_route=\/wp\/v2\/posts\/20701\/revisions"}],"wp:featuredmedia":[{"embeddable":true,"href":"https:\/\/archive.sana.sy\/tr\/index.php?rest_route=\/wp\/v2\/media\/20702"}],"wp:attachment":[{"href":"https:\/\/archive.sana.sy\/tr\/index.php?rest_route=%2Fwp%2Fv2%2Fmedia&parent=20701"}],"wp:term":[{"taxonomy":"category","embeddable":true,"href":"https:\/\/archive.sana.sy\/tr\/index.php?rest_route=%2Fwp%2Fv2%2Fcategories&post=20701"},{"taxonomy":"post_tag","embeddable":true,"href":"https:\/\/archive.sana.sy\/tr\/index.php?rest_route=%2Fwp%2Fv2%2Ftags&post=20701"}],"curies":[{"name":"wp","href":"https:\/\/api.w.org\/{rel}","templated":true}]}}